{"id":25045,"date":"2021-02-18T18:00:08","date_gmt":"2021-02-18T17:00:08","guid":{"rendered":"https:\/\/grupobcc.com\/?p=25045"},"modified":"2021-02-18T18:00:43","modified_gmt":"2021-02-18T17:00:43","slug":"andres-pascual-cual-es-el-verdadero-motor-del-exito","status":"publish","type":"post","link":"https:\/\/grupobcc.com\/co\/novedades-co\/andres-pascual-cual-es-el-verdadero-motor-del-exito\/","title":{"rendered":"Andr\u00e9s Pascual: \u00bfCu\u00e1l es el verdadero motor del \u00e9xito?"},"content":{"rendered":"<h4><img loading=\"lazy\" width=\"940\" height=\"660\" class=\"alignnone size-full wp-image-12383\" src=\"https:\/\/grupobcc.com\/wp\/wp-content\/uploads\/2017\/02\/Andr\u00e9s-Pascual-conferencias-speaker-el-oso-el-tigre-y-el-drag\u00f3n-e1524665957541.jpg\" alt=\"Andr\u00e9s Pascual conferencias, speaker, el oso el tigre y el drag\u00f3n\" srcset=\"https:\/\/grupobcc.com\/wp\/wp-content\/uploads\/2017\/02\/Andr\u00e9s-Pascual-conferencias-speaker-el-oso-el-tigre-y-el-drag\u00f3n-e1524665957541.jpg 940w, https:\/\/grupobcc.com\/wp\/wp-content\/uploads\/2017\/02\/Andr\u00e9s-Pascual-conferencias-speaker-el-oso-el-tigre-y-el-drag\u00f3n-e1524665957541-300x211.jpg 300w, https:\/\/grupobcc.com\/wp\/wp-content\/uploads\/2017\/02\/Andr\u00e9s-Pascual-conferencias-speaker-el-oso-el-tigre-y-el-drag\u00f3n-e1524665957541-768x539.jpg 768w, https:\/\/grupobcc.com\/wp\/wp-content\/uploads\/2017\/02\/Andr\u00e9s-Pascual-conferencias-speaker-el-oso-el-tigre-y-el-drag\u00f3n-e1524665957541-541x380.jpg 541w\" sizes=\"(max-width: 940px) 100vw, 940px\" \/><\/h4>\n<h4><\/h4>\n<h4><span style=\"color: #ff6600\"><strong>Andr\u00e9s Pascual<\/strong>\u00a0<\/span>ha visitado m\u00e1s de cincuenta pa\u00edses. En ellos encontr\u00f3 inspiraci\u00f3n para sus novelas de \u00e9xito internacional y, as\u00ed mismo, grandes ense\u00f1anzas que le convirtieron en un experto en las emociones humanas y le han guiado en el viaje m\u00e1s importante de todos: el que hemos de realizar a nuestro interior para tomar las riendas y sacar nuestro m\u00e1ximo potencial en la vida y en la empresa.<\/h4>\n<h4><\/h4>\n<h4>A continuaci\u00f3n compartimos una nueva entrevista publicada en La Voz de Galicia:<\/h4>\n<p class=\"lead\">&nbsp;<\/p>\n<h4>&#8220;<strong><span style=\"color: #ff6600\">-\u00bfLa incertidumbre es positiva?<\/span><\/strong><\/h4>\n<h4>-La incertidumbre es una fuente de libertad y de oportunidades. Y no es una frase para poner en Facebook, sino una realidad constatada. El problema es que nos han convencido demasiado tiempo de que era un h\u00e1ndicap, y hemos acabado crey\u00e9ndonoslo.<\/h4>\n<p>&nbsp;<\/p>\n<h4><strong><span style=\"color: #ff6600\">\u00a0-Pero la incertidumbre no solo tiene mala prensa. En el mundo laboral no est\u00e1 muy bien vista, \u00bfno?<\/span><\/strong><\/h4>\n<h4>-Ya, pero este es un presupuesto fundamental: ya que no podemos controlarlo todo ni saberlo todo, por lo menos seamos honestos a la hora de comunicar las dudas. La duda vive siempre con nosotros, en casa y fuera.<\/h4>\n<h4><strong><span style=\"color: #ff6600\">-\u00bfLa inseguridad se nos ve m\u00e1s de lo que creemos?<\/span><\/strong><\/h4>\n<h4>-Claro que s\u00ed. Hay que aceptar lo que viene e intentar cambiar aquello que se puede desde nuestra peque\u00f1a parcela de acci\u00f3n. Cuando no podemos cambiar lo grande, como nos ocurre ahora, tendemos a no hacer nada en lo peque\u00f1o. Error garrafal. Oc\u00fapate de lo que est\u00e1 a tu alcance. Hay recetas sencillas. Hay un ejercicio facil\u00edsimo, \u00abLos c\u00edrculos de influencia\u00bb, que consiste en dibujar en un papel dos c\u00edrculos conc\u00e9ntricos y en el centro poner lo que s\u00ed podemos controlar: lo que como, con qui\u00e9n hablo, la actitud que tengo hacia las personas; y en el c\u00edrculo de fuera todas aquellas cosas que no podemos controlar, como lo que hacen los pol\u00edticos, el clima, lo que otros piensan de ti&#8230; Cuanta m\u00e1s incertidumbre nos rodea, m\u00e1s atenci\u00f3n prestamos al c\u00edrculo de fuera. Y deber\u00eda ser al rev\u00e9s.<\/h4>\n<p>&nbsp;<\/p>\n<h4><strong><span style=\"color: #ff6600\">\u00a0-\u00bfCu\u00e1ntas veces desde que te levantas dices la palabra \u00abno\u00bb?, nos preguntas. \u00bfQu\u00e9 peso tiene el no? (&#8230;)&#8221;<\/span><\/strong><\/h4>\n<h4><\/h4>\n<h4>Puedes leer la entrevista completa en el siguiente enlace: <a href=\"https:\/\/www.lavozdegalicia.es\/noticia\/yes\/2021\/01\/02\/talento-da-igual-motor-exito-entusiasmo\/0003_202101SY2P23991.htm\">https:\/\/www.lavozdegalicia.es\/noticia\/yes\/2021\/01\/02\/talento-da-igual-motor-exito-entusiasmo\/0003_202101SY2P23991.htm<\/a><\/h4>\n<p>&nbsp;<\/p>\n","protected":false},"excerpt":{"rendered":"<p>Andr\u00e9s Pascual\u00a0ha visitado m\u00e1s de cincuenta pa\u00edses. En ellos encontr\u00f3 inspiraci\u00f3n para sus novelas de \u00e9xito internacional y, as\u00ed mismo, grandes ense\u00f1anzas que le convirtieron en un experto en las emociones humanas y le han guiado en el viaje m\u00e1s importante de todos: el que hemos de realizar a nuestro interior para tomar las riendas&#8230;  <a href=\"https:\/\/grupobcc.com\/co\/novedades-co\/andres-pascual-cual-es-el-verdadero-motor-del-exito\/\" class=\"more-link\" title=\"Read Andr\u00e9s Pascual: \u00bfCu\u00e1l es el verdadero motor del \u00e9xito?\">Read more &raquo;<\/a><\/p>\n","protected":false},"author":12,"featured_media":25046,"comment_status":"open","ping_status":"closed","sticky":false,"template":"","format":"standard","meta":{"_mi_skip_tracking":false},"categories":[165],"tags":[],"yoast_head":"<!-- This site is optimized with the Yoast SEO plugin v16.6 - https:\/\/yoast.com\/wordpress\/plugins\/seo\/ -->\n<meta name=\"description\" content=\"Hay que aceptar lo que viene e intentar cambiar aquello que se puede desde nuestra peque\u00f1a parcela de acci\u00f3n.\" \/>\n<meta name=\"robots\" content=\"index, follow, max-snippet:-1, max-image-preview:large, max-video-preview:-1\" \/>\n<link rel=\"canonical\" href=\"https:\/\/grupobcc.com\/co\/novedades-co\/andres-pascual-cual-es-el-verdadero-motor-del-exito\/\" \/>\n<meta property=\"og:locale\" content=\"es_ES\" \/>\n<meta property=\"og:type\" content=\"article\" \/>\n<meta property=\"og:title\" content=\"Andr\u00e9s Pascual: \u00bfCu\u00e1l es el verdadero motor del \u00e9xito?\" \/>\n<meta property=\"og:description\" content=\"Hay que aceptar lo que viene e intentar cambiar aquello que se puede desde nuestra peque\u00f1a parcela de acci\u00f3n.\" \/>\n<meta property=\"og:url\" content=\"https:\/\/grupobcc.com\/co\/novedades-co\/andres-pascual-cual-es-el-verdadero-motor-del-exito\/\" \/>\n<meta property=\"og:site_name\" content=\"BCC Speakers\" \/>\n<meta property=\"article:published_time\" content=\"2021-02-18T17:00:08+00:00\" \/>\n<meta property=\"article:modified_time\" content=\"2021-02-18T17:00:43+00:00\" \/>\n<meta property=\"og:image\" content=\"https:\/\/grupobcc.com\/wp\/wp-content\/uploads\/2017\/02\/Andr\u00e9s-Pascual-conferencias-speaker-el-oso-el-tigre-y-el-drag\u00f3n-e1524665957541.jpg\" \/>\n\t<meta property=\"og:image:width\" content=\"940\" \/>\n\t<meta property=\"og:image:height\" content=\"660\" \/>\n<meta name=\"twitter:card\" content=\"summary\" \/>\n<meta name=\"twitter:creator\" content=\"@BCCSpeakers\" \/>\n<meta name=\"twitter:site\" content=\"@BCCSpeakers\" \/>\n<meta name=\"twitter:label1\" content=\"Est. reading time\" \/>\n\t<meta name=\"twitter:data1\" content=\"2 minutes\" \/>\n<script type=\"application\/ld+json\" class=\"yoast-schema-graph\">{\"@context\":\"https:\/\/schema.org\",\"@graph\":[{\"@type\":\"WebSite\",\"@id\":\"https:\/\/grupobcc.com\/co\/#website\",\"url\":\"https:\/\/grupobcc.com\/co\/\",\"name\":\"BCC Speakers\",\"description\":\"The International Speakers Bureau\",\"potentialAction\":[{\"@type\":\"SearchAction\",\"target\":{\"@type\":\"EntryPoint\",\"urlTemplate\":\"https:\/\/grupobcc.com\/co\/?s={search_term_string}\"},\"query-input\":\"required name=search_term_string\"}],\"inLanguage\":\"es-CO\"},{\"@type\":\"ImageObject\",\"@id\":\"https:\/\/grupobcc.com\/co\/novedades-co\/andres-pascual-cual-es-el-verdadero-motor-del-exito\/#primaryimage\",\"inLanguage\":\"es-CO\",\"url\":\"https:\/\/grupobcc.com\/wp\/wp-content\/uploads\/2017\/02\/Andr\\u00e9s-Pascual-conferencias-speaker-el-oso-el-tigre-y-el-drag\\u00f3n-e1524665957541.jpg\",\"contentUrl\":\"https:\/\/grupobcc.com\/wp\/wp-content\/uploads\/2017\/02\/Andr\\u00e9s-Pascual-conferencias-speaker-el-oso-el-tigre-y-el-drag\\u00f3n-e1524665957541.jpg\",\"width\":940,\"height\":660,\"caption\":\"Andr\\u00e9s Pascual conferencias, speaker, el oso el tigre y el drag\\u00f3n\"},{\"@type\":\"WebPage\",\"@id\":\"https:\/\/grupobcc.com\/co\/novedades-co\/andres-pascual-cual-es-el-verdadero-motor-del-exito\/#webpage\",\"url\":\"https:\/\/grupobcc.com\/co\/novedades-co\/andres-pascual-cual-es-el-verdadero-motor-del-exito\/\",\"name\":\"Andr\\u00e9s Pascual: \\u00bfCu\\u00e1l es el verdadero motor del \\u00e9xito?\",\"isPartOf\":{\"@id\":\"https:\/\/grupobcc.com\/co\/#website\"},\"primaryImageOfPage\":{\"@id\":\"https:\/\/grupobcc.com\/co\/novedades-co\/andres-pascual-cual-es-el-verdadero-motor-del-exito\/#primaryimage\"},\"datePublished\":\"2021-02-18T17:00:08+00:00\",\"dateModified\":\"2021-02-18T17:00:43+00:00\",\"author\":{\"@id\":\"https:\/\/grupobcc.com\/co\/#\/schema\/person\/db745cb18f6eca108cd3b0c07d9ce915\"},\"description\":\"Hay que aceptar lo que viene e intentar cambiar aquello que se puede desde nuestra peque\\u00f1a parcela de acci\\u00f3n.\",\"breadcrumb\":{\"@id\":\"https:\/\/grupobcc.com\/co\/novedades-co\/andres-pascual-cual-es-el-verdadero-motor-del-exito\/#breadcrumb\"},\"inLanguage\":\"es-CO\",\"potentialAction\":[{\"@type\":\"ReadAction\",\"target\":[\"https:\/\/grupobcc.com\/co\/novedades-co\/andres-pascual-cual-es-el-verdadero-motor-del-exito\/\"]}]},{\"@type\":\"BreadcrumbList\",\"@id\":\"https:\/\/grupobcc.com\/co\/novedades-co\/andres-pascual-cual-es-el-verdadero-motor-del-exito\/#breadcrumb\",\"itemListElement\":[{\"@type\":\"ListItem\",\"position\":1,\"name\":\"Portada\",\"item\":\"https:\/\/grupobcc.com\/co\/\"},{\"@type\":\"ListItem\",\"position\":2,\"name\":\"Andr\\u00e9s Pascual: \\u00bfCu\\u00e1l es el verdadero motor del \\u00e9xito?\"}]},{\"@type\":\"Person\",\"@id\":\"https:\/\/grupobcc.com\/co\/#\/schema\/person\/db745cb18f6eca108cd3b0c07d9ce915\",\"name\":\"Laura\",\"image\":{\"@type\":\"ImageObject\",\"@id\":\"https:\/\/grupobcc.com\/co\/#personlogo\",\"inLanguage\":\"es-CO\",\"url\":\"https:\/\/secure.gravatar.com\/avatar\/a6d31b10824aca1fac2be3d9ca83fb29?s=96&d=mm&r=g\",\"contentUrl\":\"https:\/\/secure.gravatar.com\/avatar\/a6d31b10824aca1fac2be3d9ca83fb29?s=96&d=mm&r=g\",\"caption\":\"Laura\"},\"url\":\"https:\/\/grupobcc.com\/co\/author\/laura\/\"}]}<\/script>\n<!-- \/ Yoast SEO plugin. -->","_links":{"self":[{"href":"https:\/\/grupobcc.com\/co\/wp-json\/wp\/v2\/posts\/25045"}],"collection":[{"href":"https:\/\/grupobcc.com\/co\/wp-json\/wp\/v2\/posts"}],"about":[{"href":"https:\/\/grupobcc.com\/co\/wp-json\/wp\/v2\/types\/post"}],"author":[{"embeddable":true,"href":"https:\/\/grupobcc.com\/co\/wp-json\/wp\/v2\/users\/12"}],"replies":[{"embeddable":true,"href":"https:\/\/grupobcc.com\/co\/wp-json\/wp\/v2\/comments?post=25045"}],"version-history":[{"count":2,"href":"https:\/\/grupobcc.com\/co\/wp-json\/wp\/v2\/posts\/25045\/revisions"}],"predecessor-version":[{"id":25117,"href":"https:\/\/grupobcc.com\/co\/wp-json\/wp\/v2\/posts\/25045\/revisions\/25117"}],"wp:featuredmedia":[{"embeddable":true,"href":"https:\/\/grupobcc.com\/co\/wp-json\/wp\/v2\/media\/25046"}],"wp:attachment":[{"href":"https:\/\/grupobcc.com\/co\/wp-json\/wp\/v2\/media?parent=25045"}],"wp:term":[{"taxonomy":"category","embeddable":true,"href":"https:\/\/grupobcc.com\/co\/wp-json\/wp\/v2\/categories?post=25045"},{"taxonomy":"post_tag","embeddable":true,"href":"https:\/\/grupobcc.com\/co\/wp-json\/wp\/v2\/tags?post=25045"}],"curies":[{"name":"wp","href":"https:\/\/api.w.org\/{rel}","templated":true}]}}