{"id":25276,"date":"2021-02-27T11:45:47","date_gmt":"2021-02-27T10:45:47","guid":{"rendered":"https:\/\/grupobcc.com\/novedades-mx\/ami-bondia-la-importancia-de-tu-marca-personal-para-encontrar-oportunidades-de-negocio\/"},"modified":"2021-02-27T11:45:47","modified_gmt":"2021-02-27T10:45:47","slug":"ami-bondia-la-importancia-de-tu-marca-personal-para-encontrar-oportunidades-de-negocio","status":"publish","type":"post","link":"https:\/\/grupobcc.com\/co\/novedades-co\/ami-bondia-la-importancia-de-tu-marca-personal-para-encontrar-oportunidades-de-negocio\/","title":{"rendered":"Ami Bond\u00eda: La importancia de tu marca personal para encontrar oportunidades de negocio"},"content":{"rendered":"<h4><img class=\"alignnone size-full wp-image-24957\" src=\"https:\/\/grupobcc.com\/wp\/wp-content\/uploads\/2021\/02\/Ami-Bond\u00eda-conferencias-speaker-marca-personal-e1612960919933.jpg\" alt=\"Ami Bond\u00eda conferencias, speaker, marca personal\" \/><\/h4>\n<h4><\/h4>\n<h4><\/h4>\n<h4><b><a href=\"https:\/\/grupobcc.com\/co\/speakers\/ami-bondia\/\"><span style=\"color: #ff6600;\">Ami Bond\u00eda<\/span><\/a>\u00a0<\/b>se declara una comunicadora 360\u00ba y una conferenciante\u00a0entusiasmada por los nuevos retos de la era digital, la marca personal y la motivaci\u00f3n.<\/h4>\n<p class=\"lead\">&nbsp;<\/p>\n<h4>Colabora como experta en nuevas tendencias laborales en\u00a0\u201cEmprende\u201d\u00a0(TVE-1 y Canal 24h), escribe en medios como\u00a0El Pa\u00eds- Retina\u00a0sobre tecnolog\u00eda, emprendimiento y marca personal e imparte clase en escuelas de negocio como el\u00a0Instituto de Empresa\u00a0y universidades nacionales e internacionales.<\/h4>\n<h4><\/h4>\n<h4>A continuaci\u00f3n compartimos un fragmento de la nueva entrevista publicada en Foro Nueva Econom\u00eda, Nueva Empresa:<\/h4>\n<p>&nbsp;<\/p>\n<h4>&#8220;<strong><span style=\"color: #ff6600;\">Ami Bond\u00eda. Experta en Marca Personal<\/span><\/strong><\/h4>\n<h4>Pasi\u00f3n, esfuerzo, ilusi\u00f3n y alegr\u00eda. Estos son los principios que encontramos nada m\u00e1s adentrarnos en la web de Ami Bond\u00eda. Doctora en periodismo con inteligencia emocional, esta experta en marca personal se identifica con \u201cla escuela de los que persiguen sus sue\u00f1os y los cumplen\u201d. Tras a\u00f1os de intentos, en 2006 se convirti\u00f3 en la Responsable de Prensa del cantante Alejandro Sanz y eso le dio no solo la posibilidad de trabajar en lo que deseaba, sino adem\u00e1s los mimbres para escribir Un caf\u00e9 con Chan. C\u00f3mo cumplir sue\u00f1os con Personal Branding que en 2016 recibi\u00f3 el premio C\u00edrculo Rojo al mejor libro de crecimiento personal. Su propuesta gira en torno a una convicci\u00f3n: \u201ccon esfuerzo, paciencia y confianza, todo puede conseguirse\u201d.<\/h4>\n<p>&nbsp;<\/p>\n<h4><em>Roc\u00edo Celis, Radio El D\u00eda.<\/em><\/h4>\n<p>&nbsp;<\/p>\n<h4><strong><span style=\"color: #ff6600;\">\u00bfQu\u00e9 es la marca personal?<\/span><\/strong><\/h4>\n<h4>Yo la definir\u00eda como la estrategia para descubrir el talento y el valor diferencial que cada persona tiene, y aprender a comunicarlo de una forma efectiva con el objetivo de poder alcanzar las metas o los sue\u00f1os que nos marquemos. Esta es la definici\u00f3n que me gusta. Aunque tambi\u00e9n podemos decir que es el recuerdo que dejas en la mente de los dem\u00e1s. Cuanto m\u00e1s positivo sea, m\u00e1s oportunidades buenas te van a llegar.<\/h4>\n<p>&nbsp;<\/p>\n<h4><strong><span style=\"color: #ff6600;\">\u00bfUsted diferenciar\u00eda entre marca personal y marca profesional?<\/span><\/strong><\/h4>\n<h4>Yo no. En esto hay distintas opiniones, pero yo creo que no hay diferencia entre una cosa y la otra porque al final, la persona es la misma. Aqu\u00ed el objetivo es la pasi\u00f3n, dedicarte a un tema que te guste, dar lo mejor de ti\u2026 Y esto solo ocurre cuando hay una conexi\u00f3n entre todos los factores de tu vida, es decir, lo personal y lo profesional tienen que estar unidos. Una persona es todo y el trabajo debe ser una manera de realizaci\u00f3n, por eso yo no diferencio. (&#8230;)&#8221;<\/h4>\n<h4><\/h4>\n<h4>Puedes leer la entrevista completa en este enlace: <a href=\"https:\/\/foroe.es\/entrevista-ami-bondia\/\">https:\/\/foroe.es\/entrevista-ami-bondia\/<\/a><\/h4>\n<p>&nbsp;<\/p>\n","protected":false},"excerpt":{"rendered":"<p>Ami Bond\u00eda\u00a0se declara una comunicadora 360\u00ba y una conferenciante\u00a0entusiasmada por los nuevos retos de la era digital, la marca personal y la motivaci\u00f3n. &nbsp; Colabora como experta en nuevas tendencias laborales en\u00a0\u201cEmprende\u201d\u00a0(TVE-1 y Canal 24h), escribe en medios como\u00a0El Pa\u00eds- Retina\u00a0sobre tecnolog\u00eda, emprendimiento y marca personal e imparte clase en escuelas de negocio como el\u00a0Instituto&#8230;  <a href=\"https:\/\/grupobcc.com\/co\/novedades-co\/ami-bondia-la-importancia-de-tu-marca-personal-para-encontrar-oportunidades-de-negocio\/\" class=\"more-link\" title=\"Read Ami Bond\u00eda: La importancia de tu marca personal para encontrar oportunidades de negocio\">Read more &raquo;<\/a><\/p>\n","protected":false},"author":12,"featured_media":0,"comment_status":"open","ping_status":"closed","sticky":false,"template":"","format":"standard","meta":{"_mi_skip_tracking":false},"categories":[165],"tags":[],"yoast_head":"<!-- This site is optimized with the Yoast SEO plugin v16.6 - https:\/\/yoast.com\/wordpress\/plugins\/seo\/ -->\n<meta name=\"description\" content=\"Yo la definir\u00eda como la estrategia para descubrir el talento y el valor diferencial que cada persona tiene, y aprender a comunicarlo de una forma efectiva.\" \/>\n<meta name=\"robots\" content=\"index, follow, max-snippet:-1, max-image-preview:large, max-video-preview:-1\" \/>\n<link rel=\"canonical\" href=\"https:\/\/grupobcc.com\/co\/novedades-co\/ami-bondia-la-importancia-de-tu-marca-personal-para-encontrar-oportunidades-de-negocio\/\" \/>\n<meta property=\"og:locale\" content=\"es_ES\" \/>\n<meta property=\"og:type\" content=\"article\" \/>\n<meta property=\"og:title\" content=\"Ami Bond\u00eda: La importancia de tu marca personal para encontrar oportunidades de negocio\" \/>\n<meta property=\"og:description\" content=\"Yo la definir\u00eda como la estrategia para descubrir el talento y el valor diferencial que cada persona tiene, y aprender a comunicarlo de una forma efectiva.\" \/>\n<meta property=\"og:url\" content=\"https:\/\/grupobcc.com\/co\/novedades-co\/ami-bondia-la-importancia-de-tu-marca-personal-para-encontrar-oportunidades-de-negocio\/\" \/>\n<meta property=\"og:site_name\" content=\"BCC Speakers\" \/>\n<meta property=\"article:published_time\" content=\"2021-02-27T10:45:47+00:00\" \/>\n<meta property=\"og:image\" content=\"https:\/\/grupobcc.com\/wp\/wp-content\/uploads\/2021\/02\/Ami-Bond\u00eda-conferencias-speaker-marca-personal.jpg\" \/>\n\t<meta property=\"og:image:width\" content=\"940\" \/>\n\t<meta property=\"og:image:height\" content=\"660\" \/>\n<meta name=\"twitter:card\" content=\"summary\" \/>\n<meta name=\"twitter:creator\" content=\"@BCCSpeakers\" \/>\n<meta name=\"twitter:site\" content=\"@BCCSpeakers\" \/>\n<meta name=\"twitter:label1\" content=\"Est. reading time\" \/>\n\t<meta name=\"twitter:data1\" content=\"2 minutes\" \/>\n<script type=\"application\/ld+json\" class=\"yoast-schema-graph\">{\"@context\":\"https:\/\/schema.org\",\"@graph\":[{\"@type\":\"WebSite\",\"@id\":\"https:\/\/grupobcc.com\/co\/#website\",\"url\":\"https:\/\/grupobcc.com\/co\/\",\"name\":\"BCC Speakers\",\"description\":\"The International Speakers Bureau\",\"potentialAction\":[{\"@type\":\"SearchAction\",\"target\":{\"@type\":\"EntryPoint\",\"urlTemplate\":\"https:\/\/grupobcc.com\/co\/?s={search_term_string}\"},\"query-input\":\"required name=search_term_string\"}],\"inLanguage\":\"es-CO\"},{\"@type\":\"ImageObject\",\"@id\":\"https:\/\/grupobcc.com\/co\/novedades-co\/ami-bondia-la-importancia-de-tu-marca-personal-para-encontrar-oportunidades-de-negocio\/#primaryimage\",\"inLanguage\":\"es-CO\",\"url\":\"https:\/\/grupobcc.com\/wp\/wp-content\/uploads\/2021\/02\/Ami-Bond\\u00eda-conferencias-speaker-marca-personal-e1612960919933.jpg\",\"contentUrl\":\"https:\/\/grupobcc.com\/wp\/wp-content\/uploads\/2021\/02\/Ami-Bond\\u00eda-conferencias-speaker-marca-personal-e1612960919933.jpg\"},{\"@type\":\"WebPage\",\"@id\":\"https:\/\/grupobcc.com\/co\/novedades-co\/ami-bondia-la-importancia-de-tu-marca-personal-para-encontrar-oportunidades-de-negocio\/#webpage\",\"url\":\"https:\/\/grupobcc.com\/co\/novedades-co\/ami-bondia-la-importancia-de-tu-marca-personal-para-encontrar-oportunidades-de-negocio\/\",\"name\":\"Ami Bond\\u00eda: La importancia de tu marca personal para encontrar oportunidades de negocio\",\"isPartOf\":{\"@id\":\"https:\/\/grupobcc.com\/co\/#website\"},\"primaryImageOfPage\":{\"@id\":\"https:\/\/grupobcc.com\/co\/novedades-co\/ami-bondia-la-importancia-de-tu-marca-personal-para-encontrar-oportunidades-de-negocio\/#primaryimage\"},\"datePublished\":\"2021-02-27T10:45:47+00:00\",\"dateModified\":\"2021-02-27T10:45:47+00:00\",\"author\":{\"@id\":\"https:\/\/grupobcc.com\/co\/#\/schema\/person\/db745cb18f6eca108cd3b0c07d9ce915\"},\"description\":\"Yo la definir\\u00eda como la estrategia para descubrir el talento y el valor diferencial que cada persona tiene, y aprender a comunicarlo de una forma efectiva.\",\"breadcrumb\":{\"@id\":\"https:\/\/grupobcc.com\/co\/novedades-co\/ami-bondia-la-importancia-de-tu-marca-personal-para-encontrar-oportunidades-de-negocio\/#breadcrumb\"},\"inLanguage\":\"es-CO\",\"potentialAction\":[{\"@type\":\"ReadAction\",\"target\":[\"https:\/\/grupobcc.com\/co\/novedades-co\/ami-bondia-la-importancia-de-tu-marca-personal-para-encontrar-oportunidades-de-negocio\/\"]}]},{\"@type\":\"BreadcrumbList\",\"@id\":\"https:\/\/grupobcc.com\/co\/novedades-co\/ami-bondia-la-importancia-de-tu-marca-personal-para-encontrar-oportunidades-de-negocio\/#breadcrumb\",\"itemListElement\":[{\"@type\":\"ListItem\",\"position\":1,\"name\":\"Portada\",\"item\":\"https:\/\/grupobcc.com\/co\/\"},{\"@type\":\"ListItem\",\"position\":2,\"name\":\"Ami Bond\\u00eda: La importancia de tu marca personal para encontrar oportunidades de negocio\"}]},{\"@type\":\"Person\",\"@id\":\"https:\/\/grupobcc.com\/co\/#\/schema\/person\/db745cb18f6eca108cd3b0c07d9ce915\",\"name\":\"Laura\",\"image\":{\"@type\":\"ImageObject\",\"@id\":\"https:\/\/grupobcc.com\/co\/#personlogo\",\"inLanguage\":\"es-CO\",\"url\":\"https:\/\/secure.gravatar.com\/avatar\/a6d31b10824aca1fac2be3d9ca83fb29?s=96&d=mm&r=g\",\"contentUrl\":\"https:\/\/secure.gravatar.com\/avatar\/a6d31b10824aca1fac2be3d9ca83fb29?s=96&d=mm&r=g\",\"caption\":\"Laura\"},\"url\":\"https:\/\/grupobcc.com\/co\/author\/laura\/\"}]}<\/script>\n<!-- \/ Yoast SEO plugin. -->","_links":{"self":[{"href":"https:\/\/grupobcc.com\/co\/wp-json\/wp\/v2\/posts\/25276"}],"collection":[{"href":"https:\/\/grupobcc.com\/co\/wp-json\/wp\/v2\/posts"}],"about":[{"href":"https:\/\/grupobcc.com\/co\/wp-json\/wp\/v2\/types\/post"}],"author":[{"embeddable":true,"href":"https:\/\/grupobcc.com\/co\/wp-json\/wp\/v2\/users\/12"}],"replies":[{"embeddable":true,"href":"https:\/\/grupobcc.com\/co\/wp-json\/wp\/v2\/comments?post=25276"}],"version-history":[{"count":0,"href":"https:\/\/grupobcc.com\/co\/wp-json\/wp\/v2\/posts\/25276\/revisions"}],"wp:attachment":[{"href":"https:\/\/grupobcc.com\/co\/wp-json\/wp\/v2\/media?parent=25276"}],"wp:term":[{"taxonomy":"category","embeddable":true,"href":"https:\/\/grupobcc.com\/co\/wp-json\/wp\/v2\/categories?post=25276"},{"taxonomy":"post_tag","embeddable":true,"href":"https:\/\/grupobcc.com\/co\/wp-json\/wp\/v2\/tags?post=25276"}],"curies":[{"name":"wp","href":"https:\/\/api.w.org\/{rel}","templated":true}]}}