{"id":25667,"date":"2021-04-05T12:09:03","date_gmt":"2021-04-05T10:09:03","guid":{"rendered":"https:\/\/grupobcc.com\/novedades-mx\/richard-gerver-como-estamos-preparando-a-nuestros-hijos-para-vivir-en-su-mundo\/"},"modified":"2021-04-05T12:09:03","modified_gmt":"2021-04-05T10:09:03","slug":"richard-gerver-como-estamos-preparando-a-nuestros-hijos-para-vivir-en-su-mundo","status":"publish","type":"post","link":"https:\/\/grupobcc.com\/co\/novedades-co\/richard-gerver-como-estamos-preparando-a-nuestros-hijos-para-vivir-en-su-mundo\/","title":{"rendered":"Richard Gerver: \u00bfC\u00f3mo estamos preparando a nuestros hijos para vivir en su mundo?"},"content":{"rendered":"<h4><img loading=\"lazy\" class=\"alignnone wp-image-16079 size-full\" src=\"https:\/\/grupobcc.com\/wp\/wp-content\/uploads\/2020\/01\/Richard-Gerver-7.jpg\" alt=\"Richard Gerver\" width=\"1160\" height=\"768\" srcset=\"https:\/\/grupobcc.com\/wp\/wp-content\/uploads\/2020\/01\/Richard-Gerver-7.jpg 1160w, https:\/\/grupobcc.com\/wp\/wp-content\/uploads\/2020\/01\/Richard-Gerver-7-300x199.jpg 300w, https:\/\/grupobcc.com\/wp\/wp-content\/uploads\/2020\/01\/Richard-Gerver-7-768x508.jpg 768w, https:\/\/grupobcc.com\/wp\/wp-content\/uploads\/2020\/01\/Richard-Gerver-7-1024x678.jpg 1024w\" sizes=\"(max-width: 1160px) 100vw, 1160px\" \/><\/h4>\n<h4><\/h4>\n<h4><a href=\"https:\/\/grupobcc.com\/co\/speakers\/richard-gerver\/\"><span style=\"color: #ff6600;\">Richard Gerver<\/span><\/a> es considerado una de las personas m\u00e1s respetadas a nivel mundial por su liderazgo en la educaci\u00f3n. En la actualidad es considerado uno de los pensadores m\u00e1s originales, aut\u00e9nticos y creativos a nivel internacional sobre liderazgo humano y transformaci\u00f3n organizacional.<\/h4>\n<p class=\"lead\">&nbsp;<\/p>\n<h4>A continuaci\u00f3n compartimos un fragmento de la nueva entrevista publicada por La Naci\u00f3n:<\/h4>\n<h4><\/h4>\n<h4 class=\"com-paragraph --s\">&#8220;La pregunta que siempre debemos hacernos es c\u00f3mo estamos preparando a nuestros hijos para vivir en su mundo&#8221;, plantea el hoy consultor internacional a LA NACION. Y no es una pregunta ret\u00f3rica, sino realista.\u00a0<strong>&#8220;Nuestros hijos van a vivir tiempos realmente desafiantes&#8221;<\/strong>.<\/h4>\n<p>&nbsp;<\/p>\n<h4 class=\"com-paragraph --s\"><strong>&#8211; <span style=\"color: #ff6600;\">\u00bfQu\u00e9 lecciones aprendi\u00f3 desde que comenz\u00f3 la pandemia?<\/span><\/strong><\/h4>\n<p>&nbsp;<\/p>\n<h4 class=\"com-paragraph --s\">&#8211; Que necesitamos ser mucho mejores al enfrentar el cambio y la incertidumbre. Durante muchos, muchos a\u00f1os, los expertos han hablado de lo r\u00e1pido que est\u00e1 cambiando el mundo, de lo incierto que es el futuro con la globalizaci\u00f3n y todo eso, y creo que la gente reconoc\u00eda que todo eso estaba pasando, pero lo ve\u00eda como algo a futuro. Hasta que ocurrieron dos eventos globales que potenciaron las tendencias de cambio e incertidumbre:<strong>\u00a0la crisis financiera de 2008 y esta pandemia global, que probablemente sea la experiencia compartida m\u00e1s desafiante en la historia de la humanidad<\/strong>. Ahora tenemos que dejar de negar que el mundo est\u00e1 cambiando. Y para eso tenemos que entender qu\u00e9 podemos hacer para mejorar.<\/h4>\n<h4><\/h4>\n<h4 class=\"com-paragraph --s\">Ojal\u00e1 que esta pandemia se controle m\u00e1s temprano que tarde y eso nos permita volver a una existencia m\u00e1s normal. Pero tenemos que estar mejor preparados a nivel personal porque no hay ninguna raz\u00f3n para pensar que no experimentaremos otra pandemia, otra crisis econ\u00f3mica global o una gran crisis medioambiental planetaria.<\/h4>\n<p>&nbsp;<\/p>\n<h4 class=\"com-paragraph --s\"><strong>&#8211; <span style=\"color: #ff6600;\">\u00bfEs eso posible? Se lo pregunto porque en el campo de la educaci\u00f3n se repiten los mismos debates desde hace d\u00e9cadas o quedan atados a la coyuntura.<\/span> (&#8230;)&#8221;<\/strong><\/h4>\n<h4><\/h4>\n<h4>Pod\u00e9is leer la entrevista completa en el siguiente enlace: <a href=\"https:\/\/www.lanacion.com.ar\/el-mundo\/coronavirus-richard-gerver-la-pregunta-es-como-nid2475725\/\">https:\/\/www.lanacion.com.ar\/el-mundo\/coronavirus-richard-gerver-la-pregunta-es-como-nid2475725\/<\/a><\/h4>\n","protected":false},"excerpt":{"rendered":"<p>Richard Gerver es considerado una de las personas m\u00e1s respetadas a nivel mundial por su liderazgo en la educaci\u00f3n. En la actualidad es considerado uno de los pensadores m\u00e1s originales, aut\u00e9nticos y creativos a nivel internacional sobre liderazgo humano y transformaci\u00f3n organizacional. &nbsp; A continuaci\u00f3n compartimos un fragmento de la nueva entrevista publicada por La&#8230;  <a href=\"https:\/\/grupobcc.com\/co\/novedades-co\/richard-gerver-como-estamos-preparando-a-nuestros-hijos-para-vivir-en-su-mundo\/\" class=\"more-link\" title=\"Read Richard Gerver: \u00bfC\u00f3mo estamos preparando a nuestros hijos para vivir en su mundo?\">Read more &raquo;<\/a><\/p>\n","protected":false},"author":12,"featured_media":16080,"comment_status":"open","ping_status":"closed","sticky":false,"template":"","format":"standard","meta":{"_mi_skip_tracking":false},"categories":[165],"tags":[],"yoast_head":"<!-- This site is optimized with the Yoast SEO plugin v16.6 - https:\/\/yoast.com\/wordpress\/plugins\/seo\/ -->\n<meta name=\"description\" content=\"La pregunta que siempre debemos hacernos es c\u00f3mo estamos preparando a nuestros hijos para vivir en su mundo\" \/>\n<meta name=\"robots\" content=\"index, follow, max-snippet:-1, max-image-preview:large, max-video-preview:-1\" \/>\n<link rel=\"canonical\" href=\"https:\/\/grupobcc.com\/co\/novedades-co\/richard-gerver-como-estamos-preparando-a-nuestros-hijos-para-vivir-en-su-mundo\/\" \/>\n<meta property=\"og:locale\" content=\"es_ES\" \/>\n<meta property=\"og:type\" content=\"article\" \/>\n<meta property=\"og:title\" content=\"Richard Gerver: \u00bfC\u00f3mo estamos preparando a nuestros hijos para vivir en su mundo?\" \/>\n<meta property=\"og:description\" content=\"La pregunta que siempre debemos hacernos es c\u00f3mo estamos preparando a nuestros hijos para vivir en su mundo\" \/>\n<meta property=\"og:url\" content=\"https:\/\/grupobcc.com\/co\/novedades-co\/richard-gerver-como-estamos-preparando-a-nuestros-hijos-para-vivir-en-su-mundo\/\" \/>\n<meta property=\"og:site_name\" content=\"BCC Speakers\" \/>\n<meta property=\"article:published_time\" content=\"2021-04-05T10:09:03+00:00\" \/>\n<meta property=\"og:image\" content=\"https:\/\/grupobcc.com\/wp\/wp-content\/uploads\/2020\/01\/Richard-Gerver-7.jpg\" \/>\n\t<meta property=\"og:image:width\" content=\"1160\" \/>\n\t<meta property=\"og:image:height\" content=\"768\" \/>\n<meta name=\"twitter:card\" content=\"summary\" \/>\n<meta name=\"twitter:creator\" content=\"@BCCSpeakers\" \/>\n<meta name=\"twitter:site\" content=\"@BCCSpeakers\" \/>\n<meta name=\"twitter:label1\" content=\"Est. reading time\" \/>\n\t<meta name=\"twitter:data1\" content=\"2 minutes\" \/>\n<script type=\"application\/ld+json\" class=\"yoast-schema-graph\">{\"@context\":\"https:\/\/schema.org\",\"@graph\":[{\"@type\":\"WebSite\",\"@id\":\"https:\/\/grupobcc.com\/co\/#website\",\"url\":\"https:\/\/grupobcc.com\/co\/\",\"name\":\"BCC Speakers\",\"description\":\"The International Speakers Bureau\",\"potentialAction\":[{\"@type\":\"SearchAction\",\"target\":{\"@type\":\"EntryPoint\",\"urlTemplate\":\"https:\/\/grupobcc.com\/co\/?s={search_term_string}\"},\"query-input\":\"required name=search_term_string\"}],\"inLanguage\":\"es-CO\"},{\"@type\":\"ImageObject\",\"@id\":\"https:\/\/grupobcc.com\/co\/novedades-co\/richard-gerver-como-estamos-preparando-a-nuestros-hijos-para-vivir-en-su-mundo\/#primaryimage\",\"inLanguage\":\"es-CO\",\"url\":\"https:\/\/grupobcc.com\/wp\/wp-content\/uploads\/2020\/01\/Richard-Gerver-7.jpg\",\"contentUrl\":\"https:\/\/grupobcc.com\/wp\/wp-content\/uploads\/2020\/01\/Richard-Gerver-7.jpg\",\"width\":1160,\"height\":768,\"caption\":\"Richard Gerver\"},{\"@type\":\"WebPage\",\"@id\":\"https:\/\/grupobcc.com\/co\/novedades-co\/richard-gerver-como-estamos-preparando-a-nuestros-hijos-para-vivir-en-su-mundo\/#webpage\",\"url\":\"https:\/\/grupobcc.com\/co\/novedades-co\/richard-gerver-como-estamos-preparando-a-nuestros-hijos-para-vivir-en-su-mundo\/\",\"name\":\"Richard Gerver: \\u00bfC\\u00f3mo estamos preparando a nuestros hijos para vivir en su mundo?\",\"isPartOf\":{\"@id\":\"https:\/\/grupobcc.com\/co\/#website\"},\"primaryImageOfPage\":{\"@id\":\"https:\/\/grupobcc.com\/co\/novedades-co\/richard-gerver-como-estamos-preparando-a-nuestros-hijos-para-vivir-en-su-mundo\/#primaryimage\"},\"datePublished\":\"2021-04-05T10:09:03+00:00\",\"dateModified\":\"2021-04-05T10:09:03+00:00\",\"author\":{\"@id\":\"https:\/\/grupobcc.com\/co\/#\/schema\/person\/db745cb18f6eca108cd3b0c07d9ce915\"},\"description\":\"La pregunta que siempre debemos hacernos es c\\u00f3mo estamos preparando a nuestros hijos para vivir en su mundo\",\"breadcrumb\":{\"@id\":\"https:\/\/grupobcc.com\/co\/novedades-co\/richard-gerver-como-estamos-preparando-a-nuestros-hijos-para-vivir-en-su-mundo\/#breadcrumb\"},\"inLanguage\":\"es-CO\",\"potentialAction\":[{\"@type\":\"ReadAction\",\"target\":[\"https:\/\/grupobcc.com\/co\/novedades-co\/richard-gerver-como-estamos-preparando-a-nuestros-hijos-para-vivir-en-su-mundo\/\"]}]},{\"@type\":\"BreadcrumbList\",\"@id\":\"https:\/\/grupobcc.com\/co\/novedades-co\/richard-gerver-como-estamos-preparando-a-nuestros-hijos-para-vivir-en-su-mundo\/#breadcrumb\",\"itemListElement\":[{\"@type\":\"ListItem\",\"position\":1,\"name\":\"Portada\",\"item\":\"https:\/\/grupobcc.com\/co\/\"},{\"@type\":\"ListItem\",\"position\":2,\"name\":\"Richard Gerver: \\u00bfC\\u00f3mo estamos preparando a nuestros hijos para vivir en su mundo?\"}]},{\"@type\":\"Person\",\"@id\":\"https:\/\/grupobcc.com\/co\/#\/schema\/person\/db745cb18f6eca108cd3b0c07d9ce915\",\"name\":\"Laura\",\"image\":{\"@type\":\"ImageObject\",\"@id\":\"https:\/\/grupobcc.com\/co\/#personlogo\",\"inLanguage\":\"es-CO\",\"url\":\"https:\/\/secure.gravatar.com\/avatar\/a6d31b10824aca1fac2be3d9ca83fb29?s=96&d=mm&r=g\",\"contentUrl\":\"https:\/\/secure.gravatar.com\/avatar\/a6d31b10824aca1fac2be3d9ca83fb29?s=96&d=mm&r=g\",\"caption\":\"Laura\"},\"url\":\"https:\/\/grupobcc.com\/co\/author\/laura\/\"}]}<\/script>\n<!-- \/ Yoast SEO plugin. -->","_links":{"self":[{"href":"https:\/\/grupobcc.com\/co\/wp-json\/wp\/v2\/posts\/25667"}],"collection":[{"href":"https:\/\/grupobcc.com\/co\/wp-json\/wp\/v2\/posts"}],"about":[{"href":"https:\/\/grupobcc.com\/co\/wp-json\/wp\/v2\/types\/post"}],"author":[{"embeddable":true,"href":"https:\/\/grupobcc.com\/co\/wp-json\/wp\/v2\/users\/12"}],"replies":[{"embeddable":true,"href":"https:\/\/grupobcc.com\/co\/wp-json\/wp\/v2\/comments?post=25667"}],"version-history":[{"count":0,"href":"https:\/\/grupobcc.com\/co\/wp-json\/wp\/v2\/posts\/25667\/revisions"}],"wp:featuredmedia":[{"embeddable":true,"href":"https:\/\/grupobcc.com\/co\/wp-json\/wp\/v2\/media\/16080"}],"wp:attachment":[{"href":"https:\/\/grupobcc.com\/co\/wp-json\/wp\/v2\/media?parent=25667"}],"wp:term":[{"taxonomy":"category","embeddable":true,"href":"https:\/\/grupobcc.com\/co\/wp-json\/wp\/v2\/categories?post=25667"},{"taxonomy":"post_tag","embeddable":true,"href":"https:\/\/grupobcc.com\/co\/wp-json\/wp\/v2\/tags?post=25667"}],"curies":[{"name":"wp","href":"https:\/\/api.w.org\/{rel}","templated":true}]}}