{"id":25746,"date":"2021-04-13T18:35:15","date_gmt":"2021-04-13T16:35:15","guid":{"rendered":"https:\/\/grupobcc.com\/novedades-mx\/javier-solana-debemos-trabajar-en-el-fortalecimiento-de-la-ue\/"},"modified":"2021-04-13T18:35:15","modified_gmt":"2021-04-13T16:35:15","slug":"javier-solana-debemos-trabajar-en-el-fortalecimiento-de-la-ue","status":"publish","type":"post","link":"https:\/\/grupobcc.com\/co\/novedades-co\/javier-solana-debemos-trabajar-en-el-fortalecimiento-de-la-ue\/","title":{"rendered":"Javier Solana: Debemos trabajar en el fortalecimiento de la UE"},"content":{"rendered":"<h4><img loading=\"lazy\" class=\"alignnone wp-image-20221 size-full\" src=\"https:\/\/grupobcc.com\/wp\/wp-content\/uploads\/2020\/07\/Javier-Solana-conferencia-speaker-OTAN-European-Union-e1568628208160-1.jpg\" alt=\"Javier Solana\" width=\"940\" height=\"660\" srcset=\"https:\/\/grupobcc.com\/wp\/wp-content\/uploads\/2020\/07\/Javier-Solana-conferencia-speaker-OTAN-European-Union-e1568628208160-1.jpg 940w, https:\/\/grupobcc.com\/wp\/wp-content\/uploads\/2020\/07\/Javier-Solana-conferencia-speaker-OTAN-European-Union-e1568628208160-1-300x211.jpg 300w, https:\/\/grupobcc.com\/wp\/wp-content\/uploads\/2020\/07\/Javier-Solana-conferencia-speaker-OTAN-European-Union-e1568628208160-1-768x539.jpg 768w, https:\/\/grupobcc.com\/wp\/wp-content\/uploads\/2020\/07\/Javier-Solana-conferencia-speaker-OTAN-European-Union-e1568628208160-1-541x380.jpg 541w\" sizes=\"(max-width: 940px) 100vw, 940px\" \/><\/h4>\n<h4><\/h4>\n<h4><\/h4>\n<h4><span style=\"color: #ff6600;\"><a style=\"color: #ff6600;\" href=\"https:\/\/grupobcc.com\/co\/speakers\/javier-solana\/\"><b>Javier Solana\u00a0<\/b><\/a><\/span>es uno de los diplom\u00e1ticos m\u00e1s destacados del mundo y una de las figuras pol\u00edticas m\u00e1s importantes en el \u00e1mbito internacional por su papel vital en el desarrollo de las relaciones internacionales durante m\u00e1s de dos d\u00e9cadas. Javier Solana es presidente del\u00a0<b>Centro de Econom\u00eda y Geopol\u00edtica Global de ESADE<\/b>, donde se centra en la evoluci\u00f3n de la sociedad global y el estudio de la econom\u00eda global.<\/h4>\n<h4><\/h4>\n<h4>A continuaci\u00f3n compartimos un fragmento del art\u00edculo publicado en El Pa\u00eds en el que nuestro speaker comparte su visi\u00f3n sobre la situaci\u00f3n que est\u00e1 viviendo Europa y c\u00f3mo debemos trabajar para fortalecer la uni\u00f3n:<\/h4>\n<h4>&#8220;Hist\u00f3ricamente, el proyecto de integraci\u00f3n europea se ha forjado golpe a golpe. La mayor\u00eda de tropiezos han devenido lecciones aprendidas.<\/h4>\n<h4><\/h4>\n<h4>Recordemos que, antes de la pandemia, la UE ven\u00eda encadenando ya una serie de crisis calificadas de existenciales. Primero, la Gran Recesi\u00f3n y la crisis del euro. M\u00e1s tarde, la crisis migratoria. Acto seguido, el Brexit. La UE no solo sobrevivi\u00f3 a esta d\u00e9cada convulsa, sino que lo hizo como mejor sabe: profundizando en su integraci\u00f3n. As\u00ed es como debe responder la UE a la crisis de la covid-19, en la que seguiremos inmersos un largo tiempo. El pasado a\u00f1o nos dej\u00f3 indicios halag\u00fce\u00f1os a los que aferrarnos. Aunque las insuficiencias de la Uni\u00f3n han quedado patentes y su gesti\u00f3n ha sido muy mejorable, no es menos cierto que algunos importantes tab\u00faes se han roto. Cuando se declar\u00f3 la pandemia, pocos hubieran adivinado que la\u00a0UE acordar\u00eda la emisi\u00f3n de deuda conjunta a gran escala,\u00a0as\u00ed como la transferencia de recursos a Estados miembros en forma de subsidios a fondo perdido.<\/h4>\n<p class=\"lead\">&nbsp;<\/p>\n<h4>La covid-19 ha puesto de manifiesto con crudeza la necesidad de crear m\u00e1s salvaguardas. Lo comprobamos a inicios de la pandemia, ante la escasez de material sanitario esencial y la brecha que se abri\u00f3 en la solidaridad intraeuropea.<strong><span style=\"color: #ff6600;\"> Tambi\u00e9n lo estamos experimentando ahora, ante las dificultades que atraviesa nuestro plan conjunto de vacunaci\u00f3n<\/span><\/strong>, lastrado en parte por problemas de abastecimiento. Si bien podemos presumir de\u00a0financiar con \u00e9xito el desarrollo de la vacuna Pfizer-BioNTech\u00a0(la empresa alemana BioNTech, fundada por una pareja de origen turco, recibi\u00f3 cuantiosos fondos europeos), nos ha faltado asertividad en otras fases del proceso. Establecer una \u201cUni\u00f3n Europea de la salud\u201d nos ayudar\u00e1 a corregir estos d\u00e9ficits y mitigar futuros riesgos. (&#8230;)&#8221;<\/h4>\n<h4><\/h4>\n<h4>Pod\u00e9is leer el art\u00edculo completo en el siguiente enlace: <a href=\"https:\/\/elpais.com\/opinion\/2021-03-31\/europa-mas-alla-de-la-resiliencia.html\">https:\/\/elpais.com\/opinion\/2021-03-31\/europa-mas-alla-de-la-resiliencia.html<\/a><\/h4>\n<p>&nbsp;<\/p>\n","protected":false},"excerpt":{"rendered":"<p>Javier Solana\u00a0es uno de los diplom\u00e1ticos m\u00e1s destacados del mundo y una de las figuras pol\u00edticas m\u00e1s importantes en el \u00e1mbito internacional por su papel vital en el desarrollo de las relaciones internacionales durante m\u00e1s de dos d\u00e9cadas. Javier Solana es presidente del\u00a0Centro de Econom\u00eda y Geopol\u00edtica Global de ESADE, donde se centra en la&#8230;  <a href=\"https:\/\/grupobcc.com\/co\/novedades-co\/javier-solana-debemos-trabajar-en-el-fortalecimiento-de-la-ue\/\" class=\"more-link\" title=\"Read Javier Solana: Debemos trabajar en el fortalecimiento de la UE\">Read more &raquo;<\/a><\/p>\n","protected":false},"author":12,"featured_media":14895,"comment_status":"open","ping_status":"closed","sticky":false,"template":"","format":"standard","meta":{"_mi_skip_tracking":false},"categories":[165],"tags":[],"yoast_head":"<!-- This site is optimized with the Yoast SEO plugin v16.6 - https:\/\/yoast.com\/wordpress\/plugins\/seo\/ -->\n<meta name=\"description\" content=\"Tambi\u00e9n lo estamos experimentando ahora, ante las dificultades que atraviesa nuestro plan conjunto de vacunaci\u00f3n, lastrado en parte por problemas de abastecimiento.\" \/>\n<meta name=\"robots\" content=\"index, follow, max-snippet:-1, max-image-preview:large, max-video-preview:-1\" \/>\n<link rel=\"canonical\" href=\"https:\/\/grupobcc.com\/co\/novedades-co\/javier-solana-debemos-trabajar-en-el-fortalecimiento-de-la-ue\/\" \/>\n<meta property=\"og:locale\" content=\"es_ES\" \/>\n<meta property=\"og:type\" content=\"article\" \/>\n<meta property=\"og:title\" content=\"Javier Solana: Debemos trabajar en el fortalecimiento de la UE\" \/>\n<meta property=\"og:description\" content=\"Tambi\u00e9n lo estamos experimentando ahora, ante las dificultades que atraviesa nuestro plan conjunto de vacunaci\u00f3n, lastrado en parte por problemas de abastecimiento.\" \/>\n<meta property=\"og:url\" content=\"https:\/\/grupobcc.com\/co\/novedades-co\/javier-solana-debemos-trabajar-en-el-fortalecimiento-de-la-ue\/\" \/>\n<meta property=\"og:site_name\" content=\"BCC Speakers\" \/>\n<meta property=\"article:published_time\" content=\"2021-04-13T16:35:15+00:00\" \/>\n<meta property=\"og:image\" content=\"https:\/\/grupobcc.com\/wp\/wp-content\/uploads\/2019\/10\/Javier-Solana-conferencia-speaker-OTAN-European-Union-e1568628208160.jpg\" \/>\n\t<meta property=\"og:image:width\" content=\"940\" \/>\n\t<meta property=\"og:image:height\" content=\"660\" \/>\n<meta name=\"twitter:card\" content=\"summary\" \/>\n<meta name=\"twitter:creator\" content=\"@BCCSpeakers\" \/>\n<meta name=\"twitter:site\" content=\"@BCCSpeakers\" \/>\n<meta name=\"twitter:label1\" content=\"Est. reading time\" \/>\n\t<meta name=\"twitter:data1\" content=\"2 minutes\" \/>\n<script type=\"application\/ld+json\" class=\"yoast-schema-graph\">{\"@context\":\"https:\/\/schema.org\",\"@graph\":[{\"@type\":\"WebSite\",\"@id\":\"https:\/\/grupobcc.com\/co\/#website\",\"url\":\"https:\/\/grupobcc.com\/co\/\",\"name\":\"BCC Speakers\",\"description\":\"The International Speakers Bureau\",\"potentialAction\":[{\"@type\":\"SearchAction\",\"target\":{\"@type\":\"EntryPoint\",\"urlTemplate\":\"https:\/\/grupobcc.com\/co\/?s={search_term_string}\"},\"query-input\":\"required name=search_term_string\"}],\"inLanguage\":\"es-CO\"},{\"@type\":\"ImageObject\",\"@id\":\"https:\/\/grupobcc.com\/co\/novedades-co\/javier-solana-debemos-trabajar-en-el-fortalecimiento-de-la-ue\/#primaryimage\",\"inLanguage\":\"es-CO\",\"url\":\"https:\/\/grupobcc.com\/wp\/wp-content\/uploads\/2019\/10\/Javier-Solana-conferencia-speaker-OTAN-European-Union-e1568628208160.jpg\",\"contentUrl\":\"https:\/\/grupobcc.com\/wp\/wp-content\/uploads\/2019\/10\/Javier-Solana-conferencia-speaker-OTAN-European-Union-e1568628208160.jpg\",\"width\":940,\"height\":660,\"caption\":\"Javier Solana OTAN\"},{\"@type\":\"WebPage\",\"@id\":\"https:\/\/grupobcc.com\/co\/novedades-co\/javier-solana-debemos-trabajar-en-el-fortalecimiento-de-la-ue\/#webpage\",\"url\":\"https:\/\/grupobcc.com\/co\/novedades-co\/javier-solana-debemos-trabajar-en-el-fortalecimiento-de-la-ue\/\",\"name\":\"Javier Solana: Debemos trabajar en el fortalecimiento de la UE\",\"isPartOf\":{\"@id\":\"https:\/\/grupobcc.com\/co\/#website\"},\"primaryImageOfPage\":{\"@id\":\"https:\/\/grupobcc.com\/co\/novedades-co\/javier-solana-debemos-trabajar-en-el-fortalecimiento-de-la-ue\/#primaryimage\"},\"datePublished\":\"2021-04-13T16:35:15+00:00\",\"dateModified\":\"2021-04-13T16:35:15+00:00\",\"author\":{\"@id\":\"https:\/\/grupobcc.com\/co\/#\/schema\/person\/db745cb18f6eca108cd3b0c07d9ce915\"},\"description\":\"Tambi\\u00e9n lo estamos experimentando ahora, ante las dificultades que atraviesa nuestro plan conjunto de vacunaci\\u00f3n, lastrado en parte por problemas de abastecimiento.\",\"breadcrumb\":{\"@id\":\"https:\/\/grupobcc.com\/co\/novedades-co\/javier-solana-debemos-trabajar-en-el-fortalecimiento-de-la-ue\/#breadcrumb\"},\"inLanguage\":\"es-CO\",\"potentialAction\":[{\"@type\":\"ReadAction\",\"target\":[\"https:\/\/grupobcc.com\/co\/novedades-co\/javier-solana-debemos-trabajar-en-el-fortalecimiento-de-la-ue\/\"]}]},{\"@type\":\"BreadcrumbList\",\"@id\":\"https:\/\/grupobcc.com\/co\/novedades-co\/javier-solana-debemos-trabajar-en-el-fortalecimiento-de-la-ue\/#breadcrumb\",\"itemListElement\":[{\"@type\":\"ListItem\",\"position\":1,\"name\":\"Portada\",\"item\":\"https:\/\/grupobcc.com\/co\/\"},{\"@type\":\"ListItem\",\"position\":2,\"name\":\"Javier Solana: Debemos trabajar en el fortalecimiento de la UE\"}]},{\"@type\":\"Person\",\"@id\":\"https:\/\/grupobcc.com\/co\/#\/schema\/person\/db745cb18f6eca108cd3b0c07d9ce915\",\"name\":\"Laura\",\"image\":{\"@type\":\"ImageObject\",\"@id\":\"https:\/\/grupobcc.com\/co\/#personlogo\",\"inLanguage\":\"es-CO\",\"url\":\"https:\/\/secure.gravatar.com\/avatar\/a6d31b10824aca1fac2be3d9ca83fb29?s=96&d=mm&r=g\",\"contentUrl\":\"https:\/\/secure.gravatar.com\/avatar\/a6d31b10824aca1fac2be3d9ca83fb29?s=96&d=mm&r=g\",\"caption\":\"Laura\"},\"url\":\"https:\/\/grupobcc.com\/co\/author\/laura\/\"}]}<\/script>\n<!-- \/ Yoast SEO plugin. -->","_links":{"self":[{"href":"https:\/\/grupobcc.com\/co\/wp-json\/wp\/v2\/posts\/25746"}],"collection":[{"href":"https:\/\/grupobcc.com\/co\/wp-json\/wp\/v2\/posts"}],"about":[{"href":"https:\/\/grupobcc.com\/co\/wp-json\/wp\/v2\/types\/post"}],"author":[{"embeddable":true,"href":"https:\/\/grupobcc.com\/co\/wp-json\/wp\/v2\/users\/12"}],"replies":[{"embeddable":true,"href":"https:\/\/grupobcc.com\/co\/wp-json\/wp\/v2\/comments?post=25746"}],"version-history":[{"count":0,"href":"https:\/\/grupobcc.com\/co\/wp-json\/wp\/v2\/posts\/25746\/revisions"}],"wp:featuredmedia":[{"embeddable":true,"href":"https:\/\/grupobcc.com\/co\/wp-json\/wp\/v2\/media\/14895"}],"wp:attachment":[{"href":"https:\/\/grupobcc.com\/co\/wp-json\/wp\/v2\/media?parent=25746"}],"wp:term":[{"taxonomy":"category","embeddable":true,"href":"https:\/\/grupobcc.com\/co\/wp-json\/wp\/v2\/categories?post=25746"},{"taxonomy":"post_tag","embeddable":true,"href":"https:\/\/grupobcc.com\/co\/wp-json\/wp\/v2\/tags?post=25746"}],"curies":[{"name":"wp","href":"https:\/\/api.w.org\/{rel}","templated":true}]}}