{"id":42759,"date":"2026-04-27T12:33:13","date_gmt":"2026-04-27T10:33:13","guid":{"rendered":"https:\/\/grupobcc.com\/novedades-mx\/david-pastor-vico-la-etica-compartida-es-la-base-de-las-organizaciones-que-funcionan\/"},"modified":"2026-04-27T12:34:42","modified_gmt":"2026-04-27T10:34:42","slug":"david-pastor-vico-la-etica-compartida-es-la-base-de-las-organizaciones-que-funcionan","status":"publish","type":"post","link":"https:\/\/grupobcc.com\/co\/novedades-co\/david-pastor-vico-la-etica-compartida-es-la-base-de-las-organizaciones-que-funcionan\/","title":{"rendered":"David Pastor Vico: la \u00e9tica compartida es la base de las organizaciones que funcionan"},"content":{"rendered":"<h4><img loading=\"lazy\" width=\"300\" height=\"300\" class=\"alignnone size-medium wp-image-36750\" src=\"https:\/\/grupobcc.com\/wp\/wp-content\/uploads\/2024\/02\/vivi_rodriguez_studio-Vico-32-scaled-e1716456368566-300x300.jpg\" alt=\"David Pastor Vico slider\" srcset=\"https:\/\/grupobcc.com\/wp\/wp-content\/uploads\/2024\/02\/vivi_rodriguez_studio-Vico-32-scaled-e1716456368566-300x300.jpg 300w, https:\/\/grupobcc.com\/wp\/wp-content\/uploads\/2024\/02\/vivi_rodriguez_studio-Vico-32-scaled-e1716456368566-1024x1021.jpg 1024w, https:\/\/grupobcc.com\/wp\/wp-content\/uploads\/2024\/02\/vivi_rodriguez_studio-Vico-32-scaled-e1716456368566-768x766.jpg 768w, https:\/\/grupobcc.com\/wp\/wp-content\/uploads\/2024\/02\/vivi_rodriguez_studio-Vico-32-scaled-e1716456368566-1536x1532.jpg 1536w, https:\/\/grupobcc.com\/wp\/wp-content\/uploads\/2024\/02\/vivi_rodriguez_studio-Vico-32-scaled-e1716456368566-125x125.jpg 125w, https:\/\/grupobcc.com\/wp\/wp-content\/uploads\/2024\/02\/vivi_rodriguez_studio-Vico-32-scaled-e1716456368566.jpg 1707w\" sizes=\"(max-width: 300px) 100vw, 300px\" \/><\/h4>\n<h4><a href=\"https:\/\/grupobcc.com\/co\/speakers\/david-pastor-vico\/\"><b>David Pastor Vico<\/b><\/a><span style=\"font-weight: 400;\"> reflexiona sobre la crisis \u00e9tica actual, marcada por un creciente individualismo que, lejos de fortalecer la libertad, est\u00e1 debilitando las bases de la convivencia. Seg\u00fan el fil\u00f3sofo, la \u00e9tica no es un conjunto de normas abstractas, sino la forma en que nos relacionamos con los dem\u00e1s. Por eso, cuando la moral se centra \u00fanicamente en el individuo y no en lo colectivo, pierde su sentido y se convierte en una \u201cantimoral\u201d.<\/span><\/h4>\n<h4><\/h4>\n<h4><span style=\"font-weight: 400;\">Vico se\u00f1ala que vivimos en una paradoja: nunca hemos tenido tanta libertad para opinar, pero cada vez cuesta m\u00e1s construir espacios de di\u00e1logo reales. Se exige ser escuchado, pero no siempre se est\u00e1 dispuesto a escuchar. Esto genera una erosi\u00f3n del espacio com\u00fan y de las estructuras que garantizan la convivencia.<\/span><\/h4>\n<h4><\/h4>\n<h4><span style=\"font-weight: 400;\">Tambi\u00e9n advierte de que dar por sentados los logros sociales \u2014como derechos o instituciones\u2014 puede llevar a su deterioro. Cuando se abandona el cuidado de lo compartido, surgen din\u00e1micas de desconfianza y desequilibrio.<\/span><\/h4>\n<h4><\/h4>\n<h4><span style=\"font-weight: 400;\">Frente a esto, propone recuperar la comunidad desde lo cotidiano: fomentar relaciones reales, educaci\u00f3n en el pensamiento cr\u00edtico y experiencias compartidas. En su visi\u00f3n, la libertad no es hacer lo que uno quiere, sino tener capacidad de elegir, algo que depende directamente del conocimiento y del v\u00ednculo con los dem\u00e1s.<\/span><\/h4>\n<h4><span style=\"font-weight: 400;\">Puedes leer el art\u00edculo completo a trav\u00e9s de este enlace: <\/span><a href=\"https:\/\/www.cuerpomente.com\/psicologia\/david-pastor-vico-filosofo-hemos-construido-moral-individualista-que-realidad-es-antimoral_18449\"><span style=\"font-weight: 400;\">https:\/\/www.cuerpomente.com\/psicologia\/david-pastor-vico-filosofo-hemos-construido-moral-individualista-que-realidad-es-antimoral_18449<\/span><\/a><\/h4>\n","protected":false},"excerpt":{"rendered":"<p>David Pastor Vico reflexiona sobre la crisis \u00e9tica actual, marcada por un creciente individualismo que, lejos de fortalecer la libertad, est\u00e1 debilitando las bases de la convivencia. Seg\u00fan el fil\u00f3sofo, la \u00e9tica no es un conjunto de normas abstractas, sino la forma en que nos relacionamos con los dem\u00e1s. Por eso, cuando la moral se&#8230;  <a href=\"https:\/\/grupobcc.com\/co\/novedades-co\/david-pastor-vico-la-etica-compartida-es-la-base-de-las-organizaciones-que-funcionan\/\" class=\"more-link\" title=\"Read David Pastor Vico: la \u00e9tica compartida es la base de las organizaciones que funcionan\">Read more &raquo;<\/a><\/p>\n","protected":false},"author":12,"featured_media":36744,"comment_status":"open","ping_status":"closed","sticky":false,"template":"","format":"standard","meta":{"_mi_skip_tracking":false},"categories":[165],"tags":[],"yoast_head":"<!-- This site is optimized with the Yoast SEO plugin v16.6 - https:\/\/yoast.com\/wordpress\/plugins\/seo\/ -->\n<meta name=\"description\" content=\"David Pastor Vico reflexiona sobre la crisis \u00e9tica actual, marcada por un creciente individualismo, lejos de fortalecer la libertad.\" \/>\n<meta name=\"robots\" content=\"index, follow, max-snippet:-1, max-image-preview:large, max-video-preview:-1\" \/>\n<link rel=\"canonical\" href=\"https:\/\/grupobcc.com\/co\/novedades-co\/david-pastor-vico-la-etica-compartida-es-la-base-de-las-organizaciones-que-funcionan\/\" \/>\n<meta property=\"og:locale\" content=\"es_ES\" \/>\n<meta property=\"og:type\" content=\"article\" \/>\n<meta property=\"og:title\" content=\"David Pastor Vico: la \u00e9tica compartida es la base de las organizaciones\" \/>\n<meta property=\"og:description\" content=\"David Pastor Vico reflexiona sobre la crisis \u00e9tica actual, marcada por un creciente individualismo, lejos de fortalecer la libertad.\" \/>\n<meta property=\"og:url\" content=\"https:\/\/grupobcc.com\/co\/novedades-co\/david-pastor-vico-la-etica-compartida-es-la-base-de-las-organizaciones-que-funcionan\/\" \/>\n<meta property=\"og:site_name\" content=\"BCC Speakers\" \/>\n<meta property=\"article:published_time\" content=\"2026-04-27T10:33:13+00:00\" \/>\n<meta property=\"article:modified_time\" content=\"2026-04-27T10:34:42+00:00\" \/>\n<meta property=\"og:image\" content=\"https:\/\/grupobcc.com\/wp\/wp-content\/uploads\/2024\/02\/David-Pastor-Vico-conferencista-speaker-conferencias-filosofia-e1707903469437.jpg\" \/>\n\t<meta property=\"og:image:width\" content=\"960\" \/>\n\t<meta property=\"og:image:height\" content=\"720\" \/>\n<meta name=\"twitter:card\" content=\"summary\" \/>\n<meta name=\"twitter:creator\" content=\"@BCCSpeakers\" \/>\n<meta name=\"twitter:site\" content=\"@BCCSpeakers\" \/>\n<meta name=\"twitter:label1\" content=\"Est. reading time\" \/>\n\t<meta name=\"twitter:data1\" content=\"2 minutes\" \/>\n<script type=\"application\/ld+json\" class=\"yoast-schema-graph\">{\"@context\":\"https:\/\/schema.org\",\"@graph\":[{\"@type\":\"WebSite\",\"@id\":\"https:\/\/grupobcc.com\/co\/#website\",\"url\":\"https:\/\/grupobcc.com\/co\/\",\"name\":\"BCC Speakers\",\"description\":\"The International Speakers Bureau\",\"potentialAction\":[{\"@type\":\"SearchAction\",\"target\":{\"@type\":\"EntryPoint\",\"urlTemplate\":\"https:\/\/grupobcc.com\/co\/?s={search_term_string}\"},\"query-input\":\"required name=search_term_string\"}],\"inLanguage\":\"es-CO\"},{\"@type\":\"ImageObject\",\"@id\":\"https:\/\/grupobcc.com\/co\/novedades-co\/david-pastor-vico-la-etica-compartida-es-la-base-de-las-organizaciones-que-funcionan\/#primaryimage\",\"inLanguage\":\"es-CO\",\"url\":\"https:\/\/grupobcc.com\/wp\/wp-content\/uploads\/2024\/02\/David-Pastor-Vico-conferencista-speaker-conferencias-filosofia-e1707903469437.jpg\",\"contentUrl\":\"https:\/\/grupobcc.com\/wp\/wp-content\/uploads\/2024\/02\/David-Pastor-Vico-conferencista-speaker-conferencias-filosofia-e1707903469437.jpg\",\"width\":960,\"height\":720,\"caption\":\"David Pastor Vico conferencista, speaker, conferencias, filosof\\u00eda\"},{\"@type\":\"WebPage\",\"@id\":\"https:\/\/grupobcc.com\/co\/novedades-co\/david-pastor-vico-la-etica-compartida-es-la-base-de-las-organizaciones-que-funcionan\/#webpage\",\"url\":\"https:\/\/grupobcc.com\/co\/novedades-co\/david-pastor-vico-la-etica-compartida-es-la-base-de-las-organizaciones-que-funcionan\/\",\"name\":\"David Pastor Vico: la \\u00e9tica compartida es la base de las organizaciones\",\"isPartOf\":{\"@id\":\"https:\/\/grupobcc.com\/co\/#website\"},\"primaryImageOfPage\":{\"@id\":\"https:\/\/grupobcc.com\/co\/novedades-co\/david-pastor-vico-la-etica-compartida-es-la-base-de-las-organizaciones-que-funcionan\/#primaryimage\"},\"datePublished\":\"2026-04-27T10:33:13+00:00\",\"dateModified\":\"2026-04-27T10:34:42+00:00\",\"author\":{\"@id\":\"https:\/\/grupobcc.com\/co\/#\/schema\/person\/db745cb18f6eca108cd3b0c07d9ce915\"},\"description\":\"David Pastor Vico reflexiona sobre la crisis \\u00e9tica actual, marcada por un creciente individualismo, lejos de fortalecer la libertad.\",\"breadcrumb\":{\"@id\":\"https:\/\/grupobcc.com\/co\/novedades-co\/david-pastor-vico-la-etica-compartida-es-la-base-de-las-organizaciones-que-funcionan\/#breadcrumb\"},\"inLanguage\":\"es-CO\",\"potentialAction\":[{\"@type\":\"ReadAction\",\"target\":[\"https:\/\/grupobcc.com\/co\/novedades-co\/david-pastor-vico-la-etica-compartida-es-la-base-de-las-organizaciones-que-funcionan\/\"]}]},{\"@type\":\"BreadcrumbList\",\"@id\":\"https:\/\/grupobcc.com\/co\/novedades-co\/david-pastor-vico-la-etica-compartida-es-la-base-de-las-organizaciones-que-funcionan\/#breadcrumb\",\"itemListElement\":[{\"@type\":\"ListItem\",\"position\":1,\"name\":\"Portada\",\"item\":\"https:\/\/grupobcc.com\/co\/\"},{\"@type\":\"ListItem\",\"position\":2,\"name\":\"David Pastor Vico: la \\u00e9tica compartida es la base de las organizaciones que funcionan\"}]},{\"@type\":\"Person\",\"@id\":\"https:\/\/grupobcc.com\/co\/#\/schema\/person\/db745cb18f6eca108cd3b0c07d9ce915\",\"name\":\"Laura\",\"image\":{\"@type\":\"ImageObject\",\"@id\":\"https:\/\/grupobcc.com\/co\/#personlogo\",\"inLanguage\":\"es-CO\",\"url\":\"https:\/\/secure.gravatar.com\/avatar\/a6d31b10824aca1fac2be3d9ca83fb29?s=96&d=mm&r=g\",\"contentUrl\":\"https:\/\/secure.gravatar.com\/avatar\/a6d31b10824aca1fac2be3d9ca83fb29?s=96&d=mm&r=g\",\"caption\":\"Laura\"},\"url\":\"https:\/\/grupobcc.com\/co\/author\/laura\/\"}]}<\/script>\n<!-- \/ Yoast SEO plugin. -->","_links":{"self":[{"href":"https:\/\/grupobcc.com\/co\/wp-json\/wp\/v2\/posts\/42759"}],"collection":[{"href":"https:\/\/grupobcc.com\/co\/wp-json\/wp\/v2\/posts"}],"about":[{"href":"https:\/\/grupobcc.com\/co\/wp-json\/wp\/v2\/types\/post"}],"author":[{"embeddable":true,"href":"https:\/\/grupobcc.com\/co\/wp-json\/wp\/v2\/users\/12"}],"replies":[{"embeddable":true,"href":"https:\/\/grupobcc.com\/co\/wp-json\/wp\/v2\/comments?post=42759"}],"version-history":[{"count":1,"href":"https:\/\/grupobcc.com\/co\/wp-json\/wp\/v2\/posts\/42759\/revisions"}],"predecessor-version":[{"id":42762,"href":"https:\/\/grupobcc.com\/co\/wp-json\/wp\/v2\/posts\/42759\/revisions\/42762"}],"wp:featuredmedia":[{"embeddable":true,"href":"https:\/\/grupobcc.com\/co\/wp-json\/wp\/v2\/media\/36744"}],"wp:attachment":[{"href":"https:\/\/grupobcc.com\/co\/wp-json\/wp\/v2\/media?parent=42759"}],"wp:term":[{"taxonomy":"category","embeddable":true,"href":"https:\/\/grupobcc.com\/co\/wp-json\/wp\/v2\/categories?post=42759"},{"taxonomy":"post_tag","embeddable":true,"href":"https:\/\/grupobcc.com\/co\/wp-json\/wp\/v2\/tags?post=42759"}],"curies":[{"name":"wp","href":"https:\/\/api.w.org\/{rel}","templated":true}]}}