{"id":24649,"date":"2021-01-21T19:37:42","date_gmt":"2021-01-21T18:37:42","guid":{"rendered":"https:\/\/grupobcc.com\/novedades-mx\/susana-malcorra-a-que-desafios-se-enfrenta-joe-biden\/"},"modified":"2021-01-21T19:45:17","modified_gmt":"2021-01-21T18:45:17","slug":"susana-malcorra-a-que-desafios-se-enfrenta-joe-biden","status":"publish","type":"post","link":"https:\/\/grupobcc.com\/mx\/novedades-mx\/susana-malcorra-a-que-desafios-se-enfrenta-joe-biden\/","title":{"rendered":"Susana Malcorra: \u00bfA qu\u00e9 desaf\u00edos se enfrenta Joe Biden?"},"content":{"rendered":"<h4><img class=\"alignnone size-full wp-image-13042\" src=\"https:\/\/grupobcc.com\/wp\/wp-content\/uploads\/2018\/09\/Susana-Malcorra-conferencias-speaker-keynote-e1543911825860.jpg\" alt=\"Susana Malcorra conferencias, speaker, keynote\" \/><\/h4>\n<h4><\/h4>\n<h4><\/h4>\n<h4><a href=\"https:\/\/grupobcc.com\/mx\/speakers\/susana-malcorra\/\"><span style=\"color: #ff6600;\"><b>Susana Malcorra\u00a0<\/b><\/span><\/a>es una de las\u00a0<b>mayores<\/b>\u00a0<b>expertas internacionales\u00a0<\/b>en relaciones internacionales, log\u00edstica, empoderamiento de la mujer a nivel global, desarrollo, gesti\u00f3n de los conflictos y temas humanitarios. Una mujer apasionada por la ejecuci\u00f3n y la\u00a0<b>obtenci\u00f3n de resultados\u00a0<\/b>en la esfera p\u00fablica y privada.<\/h4>\n<h4><\/h4>\n<h4>A continuaci\u00f3n compartimos un fragmento de una nueva entrevista publicada en &#8216;Noticias&#8217; en la que podemos conocer con m\u00e1s detalle la visi\u00f3n de la speaker en relaci\u00f3n a los nuevos acontecimientos de EEUU:<\/h4>\n<p class=\"lead\">&nbsp;<\/p>\n<h4>&#8220;<span style=\"color: #ff6600;\"><strong>NOTICIAS<\/strong>: \u00bfEl triunfo de Biden es la vuelta a la pol\u00edtica tradicional? \u00bfO hay que repensar el modelo?<\/span><\/h4>\n<p>&nbsp;<\/p>\n<h4><strong>Malcorra<\/strong>:\u00a0Biden es el establishment pero tiene la caracter\u00edstica de ser un gran dialogador. Otro de los elementos que se empieza a ver en este fen\u00f3meno es la negaci\u00f3n de la existencia del otro. Y, en esa negaci\u00f3n, la gente no habla y sin hablar es imposible establecer soluciones. Entonces, creo que la apuesta de Biden, quien dice \u201cvoy a ser capaz de vencer esta divisi\u00f3n, sobre todo en el Congreso\u201d, es interesante. Pero la pregunta es si ese mensaje est\u00e1 enraizado en una visi\u00f3n realista de cu\u00e1n grave es la situaci\u00f3n. Seguramente, lo que pas\u00f3 ayer ha profundizado esa sensaci\u00f3n de gravedad. El desaf\u00edo, sobre todo, es entender cu\u00e1les son los cambios que hay que producir porque el problema de fondo es uno: lo que era el sue\u00f1o americano, esa idea de que nuestros hijos iban a estar mejor que nosotros y que el futuro siempre iba a ser mejor que el presidente, ha desaparecido.\u00a0<strong>La movilidad hacia arriba del americano ha desaparecido y hay muchos que quedaron totalmente fuera del sistema.<\/strong>\u00a0Entonces, \u00bfc\u00f3mo hac\u00e9s para replantear el sistema para ser m\u00e1s inclusivo y disminuir las desigualdades generando esperanzas y una sensaci\u00f3n positiva hacia adelante?<\/h4>\n<p>&nbsp;<\/p>\n<h4><span style=\"color: #ff6600;\"><strong>NOTICIAS<\/strong>:\u00a0\u00bfEsta situaci\u00f3n se podr\u00e1 contener en el corto plazo o cala profundo hacia el futuro?<\/span><\/h4>\n<p>&nbsp;<\/p>\n<h4><strong>Malcorra<\/strong>: Creo que cala profund\u00edsimamente. Hoy tuve muchas conversaciones con personas de Estados Unidos. Obviamente, la gente con la cual yo hablo en t\u00e9rminos generales est\u00e1 muy informada e influenciada por la pol\u00edtica. Pero el golpe que esto representa es una cosa enorme. El ex presidente Bush dijo que esto era de pa\u00eds \u201cbananero\u201d. Es una terminolog\u00eda que a m\u00ed no me resulta muy c\u00f3moda porque hace alusi\u00f3n a pa\u00edses del sur, y me parece muy cargada, pero que \u00e9l se haya referido a Estados Unidos de esa manera demuestra una simplificaci\u00f3n que refleja la gravedad de la crisis. (&#8230;)&#8221;<\/h4>\n<p>&nbsp;<\/p>\n<h4>Puedes leer la entrevista completa en el siguiente enlace: <a href=\"https:\/\/noticias.perfil.com\/noticias\/internacionales\/susana-malcorra-hay-una-sensacion-de-que-la-democracia-es-ineficaz-e-incapaz.phtml\">https:\/\/noticias.perfil.com\/noticias\/internacionales\/susana-malcorra-hay-una-sensacion-de-que-la-democracia-es-ineficaz-e-incapaz.phtml<\/a><\/h4>\n<p>&nbsp;<\/p>\n","protected":false},"excerpt":{"rendered":"<p>Susana Malcorra\u00a0es una de las\u00a0mayores\u00a0expertas internacionales\u00a0en relaciones internacionales, log\u00edstica, empoderamiento de la mujer a nivel global, desarrollo, gesti\u00f3n de los conflictos y temas humanitarios. Una mujer apasionada por la ejecuci\u00f3n y la\u00a0obtenci\u00f3n de resultados\u00a0en la esfera p\u00fablica y privada. A continuaci\u00f3n compartimos un fragmento de una nueva entrevista publicada en &#8216;Noticias&#8217; en la que podemos&#8230;  <a href=\"https:\/\/grupobcc.com\/mx\/novedades-mx\/susana-malcorra-a-que-desafios-se-enfrenta-joe-biden\/\" class=\"more-link\" title=\"Read Susana Malcorra: \u00bfA qu\u00e9 desaf\u00edos se enfrenta Joe Biden?\">Read more &raquo;<\/a><\/p>\n","protected":false},"author":12,"featured_media":16624,"comment_status":"open","ping_status":"closed","sticky":false,"template":"","format":"standard","meta":{"_mi_skip_tracking":false},"categories":[106],"tags":[],"yoast_head":"<!-- This site is optimized with the Yoast SEO plugin v16.6 - https:\/\/yoast.com\/wordpress\/plugins\/seo\/ -->\n<meta name=\"robots\" content=\"index, follow, max-snippet:-1, max-image-preview:large, max-video-preview:-1\" \/>\n<link rel=\"canonical\" href=\"https:\/\/grupobcc.com\/mx\/novedades-mx\/susana-malcorra-a-que-desafios-se-enfrenta-joe-biden\/\" \/>\n<meta property=\"og:locale\" content=\"es_MX\" \/>\n<meta property=\"og:type\" content=\"article\" \/>\n<meta property=\"og:title\" content=\"Susana Malcorra: \u00bfA qu\u00e9 desaf\u00edos se enfrenta Joe Biden?\" \/>\n<meta property=\"og:description\" content=\"Susana Malcorra\u00a0es una de las\u00a0mayores\u00a0expertas internacionales\u00a0en relaciones internacionales, log\u00edstica, empoderamiento de la mujer a nivel global, desarrollo, gesti\u00f3n de los conflictos y temas humanitarios. Una mujer apasionada por la ejecuci\u00f3n y la\u00a0obtenci\u00f3n de resultados\u00a0en la esfera p\u00fablica y privada. A continuaci\u00f3n compartimos un fragmento de una nueva entrevista publicada en &#8216;Noticias&#8217; en la que podemos... Read more &raquo;\" \/>\n<meta property=\"og:url\" content=\"https:\/\/grupobcc.com\/mx\/novedades-mx\/susana-malcorra-a-que-desafios-se-enfrenta-joe-biden\/\" \/>\n<meta property=\"og:site_name\" content=\"BCC Speakers\" \/>\n<meta property=\"article:published_time\" content=\"2021-01-21T18:37:42+00:00\" \/>\n<meta property=\"article:modified_time\" content=\"2021-01-21T18:45:17+00:00\" \/>\n<meta property=\"og:image\" content=\"https:\/\/grupobcc.com\/wp\/wp-content\/uploads\/2018\/09\/Susana-Malcorra-conferencias-speaker-keynote-e1543911825860.jpg\" \/>\n\t<meta property=\"og:image:width\" content=\"940\" \/>\n\t<meta property=\"og:image:height\" content=\"660\" \/>\n<meta name=\"twitter:card\" content=\"summary\" \/>\n<meta name=\"twitter:creator\" content=\"@BCCSpeakers\" \/>\n<meta name=\"twitter:site\" content=\"@BCCSpeakers\" \/>\n<meta name=\"twitter:label1\" content=\"Est. reading time\" \/>\n\t<meta name=\"twitter:data1\" content=\"2 minutes\" \/>\n<script type=\"application\/ld+json\" class=\"yoast-schema-graph\">{\"@context\":\"https:\/\/schema.org\",\"@graph\":[{\"@type\":\"WebSite\",\"@id\":\"https:\/\/grupobcc.com\/mx\/#website\",\"url\":\"https:\/\/grupobcc.com\/mx\/\",\"name\":\"BCC Speakers\",\"description\":\"The International Speakers Bureau\",\"potentialAction\":[{\"@type\":\"SearchAction\",\"target\":{\"@type\":\"EntryPoint\",\"urlTemplate\":\"https:\/\/grupobcc.com\/mx\/?s={search_term_string}\"},\"query-input\":\"required name=search_term_string\"}],\"inLanguage\":\"es-MX\"},{\"@type\":\"ImageObject\",\"@id\":\"https:\/\/grupobcc.com\/mx\/novedades-mx\/susana-malcorra-a-que-desafios-se-enfrenta-joe-biden\/#primaryimage\",\"inLanguage\":\"es-MX\",\"url\":\"https:\/\/grupobcc.com\/wp\/wp-content\/uploads\/2018\/09\/Susana-Malcorra-conferencias-speaker-keynote-e1543911825860.jpg\",\"contentUrl\":\"https:\/\/grupobcc.com\/wp\/wp-content\/uploads\/2018\/09\/Susana-Malcorra-conferencias-speaker-keynote-e1543911825860.jpg\",\"width\":940,\"height\":660,\"caption\":\"Susana Malcorra conferencias, speaker, keynote\"},{\"@type\":\"WebPage\",\"@id\":\"https:\/\/grupobcc.com\/mx\/novedades-mx\/susana-malcorra-a-que-desafios-se-enfrenta-joe-biden\/#webpage\",\"url\":\"https:\/\/grupobcc.com\/mx\/novedades-mx\/susana-malcorra-a-que-desafios-se-enfrenta-joe-biden\/\",\"name\":\"Susana Malcorra: \\u00bfA qu\\u00e9 desaf\\u00edos se enfrenta Joe Biden?\",\"isPartOf\":{\"@id\":\"https:\/\/grupobcc.com\/mx\/#website\"},\"primaryImageOfPage\":{\"@id\":\"https:\/\/grupobcc.com\/mx\/novedades-mx\/susana-malcorra-a-que-desafios-se-enfrenta-joe-biden\/#primaryimage\"},\"datePublished\":\"2021-01-21T18:37:42+00:00\",\"dateModified\":\"2021-01-21T18:45:17+00:00\",\"author\":{\"@id\":\"https:\/\/grupobcc.com\/mx\/#\/schema\/person\/db745cb18f6eca108cd3b0c07d9ce915\"},\"breadcrumb\":{\"@id\":\"https:\/\/grupobcc.com\/mx\/novedades-mx\/susana-malcorra-a-que-desafios-se-enfrenta-joe-biden\/#breadcrumb\"},\"inLanguage\":\"es-MX\",\"potentialAction\":[{\"@type\":\"ReadAction\",\"target\":[\"https:\/\/grupobcc.com\/mx\/novedades-mx\/susana-malcorra-a-que-desafios-se-enfrenta-joe-biden\/\"]}]},{\"@type\":\"BreadcrumbList\",\"@id\":\"https:\/\/grupobcc.com\/mx\/novedades-mx\/susana-malcorra-a-que-desafios-se-enfrenta-joe-biden\/#breadcrumb\",\"itemListElement\":[{\"@type\":\"ListItem\",\"position\":1,\"name\":\"Portada\",\"item\":\"https:\/\/grupobcc.com\/mx\/\"},{\"@type\":\"ListItem\",\"position\":2,\"name\":\"Susana Malcorra: \\u00bfA qu\\u00e9 desaf\\u00edos se enfrenta Joe Biden?\"}]},{\"@type\":\"Person\",\"@id\":\"https:\/\/grupobcc.com\/mx\/#\/schema\/person\/db745cb18f6eca108cd3b0c07d9ce915\",\"name\":\"Laura\",\"image\":{\"@type\":\"ImageObject\",\"@id\":\"https:\/\/grupobcc.com\/mx\/#personlogo\",\"inLanguage\":\"es-MX\",\"url\":\"https:\/\/secure.gravatar.com\/avatar\/a6d31b10824aca1fac2be3d9ca83fb29?s=96&d=mm&r=g\",\"contentUrl\":\"https:\/\/secure.gravatar.com\/avatar\/a6d31b10824aca1fac2be3d9ca83fb29?s=96&d=mm&r=g\",\"caption\":\"Laura\"},\"url\":\"https:\/\/grupobcc.com\/mx\/author\/laura\/\"}]}<\/script>\n<!-- \/ Yoast SEO plugin. -->","_links":{"self":[{"href":"https:\/\/grupobcc.com\/mx\/wp-json\/wp\/v2\/posts\/24649"}],"collection":[{"href":"https:\/\/grupobcc.com\/mx\/wp-json\/wp\/v2\/posts"}],"about":[{"href":"https:\/\/grupobcc.com\/mx\/wp-json\/wp\/v2\/types\/post"}],"author":[{"embeddable":true,"href":"https:\/\/grupobcc.com\/mx\/wp-json\/wp\/v2\/users\/12"}],"replies":[{"embeddable":true,"href":"https:\/\/grupobcc.com\/mx\/wp-json\/wp\/v2\/comments?post=24649"}],"version-history":[{"count":1,"href":"https:\/\/grupobcc.com\/mx\/wp-json\/wp\/v2\/posts\/24649\/revisions"}],"predecessor-version":[{"id":24652,"href":"https:\/\/grupobcc.com\/mx\/wp-json\/wp\/v2\/posts\/24649\/revisions\/24652"}],"wp:featuredmedia":[{"embeddable":true,"href":"https:\/\/grupobcc.com\/mx\/wp-json\/wp\/v2\/media\/16624"}],"wp:attachment":[{"href":"https:\/\/grupobcc.com\/mx\/wp-json\/wp\/v2\/media?parent=24649"}],"wp:term":[{"taxonomy":"category","embeddable":true,"href":"https:\/\/grupobcc.com\/mx\/wp-json\/wp\/v2\/categories?post=24649"},{"taxonomy":"post_tag","embeddable":true,"href":"https:\/\/grupobcc.com\/mx\/wp-json\/wp\/v2\/tags?post=24649"}],"curies":[{"name":"wp","href":"https:\/\/api.w.org\/{rel}","templated":true}]}}