{"id":24659,"date":"2021-01-24T10:55:32","date_gmt":"2021-01-24T09:55:32","guid":{"rendered":"https:\/\/grupobcc.com\/novedades-mx\/angel-bonet-las-cadenas-de-suministro-deben-sumarse-a-la-transformacion-digital-y-ser-sostenibles\/"},"modified":"2021-01-24T11:00:37","modified_gmt":"2021-01-24T10:00:37","slug":"angel-bonet-las-cadenas-de-suministro-deben-sumarse-a-la-transformacion-digital-y-ser-sostenibles","status":"publish","type":"post","link":"https:\/\/grupobcc.com\/mx\/novedades-mx\/angel-bonet-las-cadenas-de-suministro-deben-sumarse-a-la-transformacion-digital-y-ser-sostenibles\/","title":{"rendered":"\u00c1ngel Bonet: Las cadenas de suministro deben sumarse a la transformaci\u00f3n digital y ser sostenibles"},"content":{"rendered":"<h4><\/h4>\n<h4><img loading=\"lazy\" width=\"1200\" height=\"800\" class=\"alignnone size-full wp-image-22001\" src=\"https:\/\/grupobcc.com\/wp\/wp-content\/uploads\/2020\/09\/D-8MCr1WwAYSxOe.jpg\" alt=\"Angel Bonet\" srcset=\"https:\/\/grupobcc.com\/wp\/wp-content\/uploads\/2020\/09\/D-8MCr1WwAYSxOe.jpg 1200w, https:\/\/grupobcc.com\/wp\/wp-content\/uploads\/2020\/09\/D-8MCr1WwAYSxOe-300x200.jpg 300w, https:\/\/grupobcc.com\/wp\/wp-content\/uploads\/2020\/09\/D-8MCr1WwAYSxOe-1024x683.jpg 1024w, https:\/\/grupobcc.com\/wp\/wp-content\/uploads\/2020\/09\/D-8MCr1WwAYSxOe-768x512.jpg 768w\" sizes=\"(max-width: 1200px) 100vw, 1200px\" \/><\/h4>\n<h4><\/h4>\n<h4>En sus conferencias<a href=\"https:\/\/grupobcc.com\/mx\/speakers\/angel-bonet\/\"><strong><span style=\"color: #ff6600;\"> \u00c1ngel Bonet<\/span> <\/strong><\/a>habla de sus tres pasiones: las nuevas tecnolog\u00edas, el impacto social de las nuevas empresas del Siglo XXI y las tendencias de futuro. Asimismo cree firmemente en hacer del nuestro un mundo mejor, a trav\u00e9s de crear y transformar las empresas, como motores del cambio, y utilizar las nuevas tecnolog\u00edas disruptivas para mejorar los grandes retos de la humanidad.<\/h4>\n<h4><\/h4>\n<h4>A continuaci\u00f3n compartimos un fragmento de uno de sus nuevos art\u00edculos:<\/h4>\n<p class=\"lead\">&nbsp;<\/p>\n<h4>La cadena de suministro es cr\u00edtica para el buen funcionamiento de los negocios. Adem\u00e1s, es uno de los elementos, que, por lo general, m\u00e1s impacto negativo deja en el planeta, por el uso de combustibles f\u00f3siles y los envases de pl\u00e1stico no reutilizables.<\/h4>\n<p>&nbsp;<\/p>\n<h4>La pandemia est\u00e1 descubriendo brechas y debilidades en las cadenas de suministro que requieren que las organizaciones se transformen digitalmente a la vez que tiene la oportunidad de hacerlo de forma sostenible.<\/h4>\n<h4>2020 se ha convertido r\u00e1pidamente en una carrera con la que cada organizaci\u00f3n se transforma y adapta a la transformaci\u00f3n digital para sobrevivir, comenzando con la cadena de suministro. Nadie preve\u00eda que una pandemia mundial obligar\u00eda a las organizaciones a pasar de aprovechar la tecnolog\u00eda a crear una ventaja competitiva para sobrevivir, en algunos casos.<\/h4>\n<p>&nbsp;<\/p>\n<h4>Cuando uno escucha el t\u00e9rmino sostenibilidad, se le vienen a la mente muchas definiciones, pero yo me quedo con la que provoca un impacto en las personas, el planeta y la rentabilidad empresarial.<\/h4>\n<p>&nbsp;<\/p>\n<h4>Con la pandemia acelerando la transformaci\u00f3n digital en todas las industrias, es importante mantenerse enfocado en las cadenas de suministro y su papel integral en el logro de iniciativas de sostenibilidad. A medida que cada organizaci\u00f3n trabaja para reinventarse y sobrevivir en estos tiempos desafiantes, lograr mayores objetivos de sostenibilidad los har\u00e1 m\u00e1s fuertes, m\u00e1s resistentes y m\u00e1s r\u00e1pidos de adaptarse.<\/h4>\n<p>&nbsp;<\/p>\n<h4>Por suerte, existe cada vez una mayor\u00a0<strong>presi\u00f3n para adoptar pr\u00e1cticas sostenibles<\/strong><strong>.\u00a0<\/strong>En un estudio reciente realizado por el MIT Center for Transportation &amp; Logistics (MIT CTL) y el Council of Supply Chain Management Professionals (CSCMP), el 46% de los 1.128 encuestados se\u00f1alaron que se sent\u00edan presionados por las partes interesadas externas para adoptar pr\u00e1cticas de sostenibilidad. (&#8230;)\u00b7<\/h4>\n<h4><\/h4>\n<h4>Puedes leer el art\u00edculo completo en el siguiente enlace: <a href=\"https:\/\/www.angelbonet.com\/la-sostenibilidad-debe-ser-parte-de-su-estrategia-de-transformacion-digital\/?utm_source=rss&amp;utm_medium=rss&amp;utm_campaign=la-sostenibilidad-debe-ser-parte-de-su-estrategia-de-transformacion-digital\">https:\/\/www.angelbonet.com\/la-sostenibilidad-debe-ser-parte-de-su-estrategia-de-transformacion-digital\/?utm_source=rss&amp;utm_medium=rss&amp;utm_campaign=la-sostenibilidad-debe-ser-parte-de-su-estrategia-de-transformacion-digital<\/a><\/h4>\n","protected":false},"excerpt":{"rendered":"<p>En sus conferencias \u00c1ngel Bonet habla de sus tres pasiones: las nuevas tecnolog\u00edas, el impacto social de las nuevas empresas del Siglo XXI y las tendencias de futuro. Asimismo cree firmemente en hacer del nuestro un mundo mejor, a trav\u00e9s de crear y transformar las empresas, como motores del cambio, y utilizar las nuevas tecnolog\u00edas&#8230;  <a href=\"https:\/\/grupobcc.com\/mx\/novedades-mx\/angel-bonet-las-cadenas-de-suministro-deben-sumarse-a-la-transformacion-digital-y-ser-sostenibles\/\" class=\"more-link\" title=\"Read \u00c1ngel Bonet: Las cadenas de suministro deben sumarse a la transformaci\u00f3n digital y ser sostenibles\">Read more &raquo;<\/a><\/p>\n","protected":false},"author":12,"featured_media":22005,"comment_status":"open","ping_status":"closed","sticky":false,"template":"","format":"standard","meta":{"_mi_skip_tracking":false},"categories":[106],"tags":[309,572,323,285],"yoast_head":"<!-- This site is optimized with the Yoast SEO plugin v16.6 - https:\/\/yoast.com\/wordpress\/plugins\/seo\/ -->\n<meta name=\"description\" content=\"Cuando uno escucha el t\u00e9rmino sostenibilidad, se le vienen a la mente muchas definiciones, pero yo me quedo con la que provoca un impacto en las personas, el planeta y la rentabilidad empresarial.\" \/>\n<meta name=\"robots\" content=\"index, follow, max-snippet:-1, max-image-preview:large, max-video-preview:-1\" \/>\n<link rel=\"canonical\" href=\"https:\/\/grupobcc.com\/mx\/novedades-mx\/angel-bonet-las-cadenas-de-suministro-deben-sumarse-a-la-transformacion-digital-y-ser-sostenibles\/\" \/>\n<meta property=\"og:locale\" content=\"es_MX\" \/>\n<meta property=\"og:type\" content=\"article\" \/>\n<meta property=\"og:title\" content=\"\u00c1ngel Bonet: Las cadenas de suministro deben sumarse a la transformaci\u00f3n digital y ser sostenibles\" \/>\n<meta property=\"og:description\" content=\"Cuando uno escucha el t\u00e9rmino sostenibilidad, se le vienen a la mente muchas definiciones, pero yo me quedo con la que provoca un impacto en las personas, el planeta y la rentabilidad empresarial.\" \/>\n<meta property=\"og:url\" content=\"https:\/\/grupobcc.com\/mx\/novedades-mx\/angel-bonet-las-cadenas-de-suministro-deben-sumarse-a-la-transformacion-digital-y-ser-sostenibles\/\" \/>\n<meta property=\"og:site_name\" content=\"BCC Speakers\" \/>\n<meta property=\"article:published_time\" content=\"2021-01-24T09:55:32+00:00\" \/>\n<meta property=\"article:modified_time\" content=\"2021-01-24T10:00:37+00:00\" \/>\n<meta property=\"og:image\" content=\"https:\/\/grupobcc.com\/wp\/wp-content\/uploads\/2020\/09\/D-8MCr1WwAYSxOe.jpg\" \/>\n\t<meta property=\"og:image:width\" content=\"1200\" \/>\n\t<meta property=\"og:image:height\" content=\"800\" \/>\n<meta name=\"twitter:card\" content=\"summary\" \/>\n<meta name=\"twitter:creator\" content=\"@BCCSpeakers\" \/>\n<meta name=\"twitter:site\" content=\"@BCCSpeakers\" \/>\n<meta name=\"twitter:label1\" content=\"Est. reading time\" \/>\n\t<meta name=\"twitter:data1\" content=\"2 minutes\" \/>\n<script type=\"application\/ld+json\" class=\"yoast-schema-graph\">{\"@context\":\"https:\/\/schema.org\",\"@graph\":[{\"@type\":\"WebSite\",\"@id\":\"https:\/\/grupobcc.com\/mx\/#website\",\"url\":\"https:\/\/grupobcc.com\/mx\/\",\"name\":\"BCC Speakers\",\"description\":\"The International Speakers Bureau\",\"potentialAction\":[{\"@type\":\"SearchAction\",\"target\":{\"@type\":\"EntryPoint\",\"urlTemplate\":\"https:\/\/grupobcc.com\/mx\/?s={search_term_string}\"},\"query-input\":\"required name=search_term_string\"}],\"inLanguage\":\"es-MX\"},{\"@type\":\"ImageObject\",\"@id\":\"https:\/\/grupobcc.com\/mx\/novedades-mx\/angel-bonet-las-cadenas-de-suministro-deben-sumarse-a-la-transformacion-digital-y-ser-sostenibles\/#primaryimage\",\"inLanguage\":\"es-MX\",\"url\":\"https:\/\/grupobcc.com\/wp\/wp-content\/uploads\/2020\/09\/D-8MCr1WwAYSxOe.jpg\",\"contentUrl\":\"https:\/\/grupobcc.com\/wp\/wp-content\/uploads\/2020\/09\/D-8MCr1WwAYSxOe.jpg\",\"width\":1200,\"height\":800,\"caption\":\"Angel\"},{\"@type\":\"WebPage\",\"@id\":\"https:\/\/grupobcc.com\/mx\/novedades-mx\/angel-bonet-las-cadenas-de-suministro-deben-sumarse-a-la-transformacion-digital-y-ser-sostenibles\/#webpage\",\"url\":\"https:\/\/grupobcc.com\/mx\/novedades-mx\/angel-bonet-las-cadenas-de-suministro-deben-sumarse-a-la-transformacion-digital-y-ser-sostenibles\/\",\"name\":\"\\u00c1ngel Bonet: Las cadenas de suministro deben sumarse a la transformaci\\u00f3n digital y ser sostenibles\",\"isPartOf\":{\"@id\":\"https:\/\/grupobcc.com\/mx\/#website\"},\"primaryImageOfPage\":{\"@id\":\"https:\/\/grupobcc.com\/mx\/novedades-mx\/angel-bonet-las-cadenas-de-suministro-deben-sumarse-a-la-transformacion-digital-y-ser-sostenibles\/#primaryimage\"},\"datePublished\":\"2021-01-24T09:55:32+00:00\",\"dateModified\":\"2021-01-24T10:00:37+00:00\",\"author\":{\"@id\":\"https:\/\/grupobcc.com\/mx\/#\/schema\/person\/db745cb18f6eca108cd3b0c07d9ce915\"},\"description\":\"Cuando uno escucha el t\\u00e9rmino sostenibilidad, se le vienen a la mente muchas definiciones, pero yo me quedo con la que provoca un impacto en las personas, el planeta y la rentabilidad empresarial.\",\"breadcrumb\":{\"@id\":\"https:\/\/grupobcc.com\/mx\/novedades-mx\/angel-bonet-las-cadenas-de-suministro-deben-sumarse-a-la-transformacion-digital-y-ser-sostenibles\/#breadcrumb\"},\"inLanguage\":\"es-MX\",\"potentialAction\":[{\"@type\":\"ReadAction\",\"target\":[\"https:\/\/grupobcc.com\/mx\/novedades-mx\/angel-bonet-las-cadenas-de-suministro-deben-sumarse-a-la-transformacion-digital-y-ser-sostenibles\/\"]}]},{\"@type\":\"BreadcrumbList\",\"@id\":\"https:\/\/grupobcc.com\/mx\/novedades-mx\/angel-bonet-las-cadenas-de-suministro-deben-sumarse-a-la-transformacion-digital-y-ser-sostenibles\/#breadcrumb\",\"itemListElement\":[{\"@type\":\"ListItem\",\"position\":1,\"name\":\"Portada\",\"item\":\"https:\/\/grupobcc.com\/mx\/\"},{\"@type\":\"ListItem\",\"position\":2,\"name\":\"\\u00c1ngel Bonet: Las cadenas de suministro deben sumarse a la transformaci\\u00f3n digital y ser sostenibles\"}]},{\"@type\":\"Person\",\"@id\":\"https:\/\/grupobcc.com\/mx\/#\/schema\/person\/db745cb18f6eca108cd3b0c07d9ce915\",\"name\":\"Laura\",\"image\":{\"@type\":\"ImageObject\",\"@id\":\"https:\/\/grupobcc.com\/mx\/#personlogo\",\"inLanguage\":\"es-MX\",\"url\":\"https:\/\/secure.gravatar.com\/avatar\/a6d31b10824aca1fac2be3d9ca83fb29?s=96&d=mm&r=g\",\"contentUrl\":\"https:\/\/secure.gravatar.com\/avatar\/a6d31b10824aca1fac2be3d9ca83fb29?s=96&d=mm&r=g\",\"caption\":\"Laura\"},\"url\":\"https:\/\/grupobcc.com\/mx\/author\/laura\/\"}]}<\/script>\n<!-- \/ Yoast SEO plugin. -->","_links":{"self":[{"href":"https:\/\/grupobcc.com\/mx\/wp-json\/wp\/v2\/posts\/24659"}],"collection":[{"href":"https:\/\/grupobcc.com\/mx\/wp-json\/wp\/v2\/posts"}],"about":[{"href":"https:\/\/grupobcc.com\/mx\/wp-json\/wp\/v2\/types\/post"}],"author":[{"embeddable":true,"href":"https:\/\/grupobcc.com\/mx\/wp-json\/wp\/v2\/users\/12"}],"replies":[{"embeddable":true,"href":"https:\/\/grupobcc.com\/mx\/wp-json\/wp\/v2\/comments?post=24659"}],"version-history":[{"count":1,"href":"https:\/\/grupobcc.com\/mx\/wp-json\/wp\/v2\/posts\/24659\/revisions"}],"predecessor-version":[{"id":24662,"href":"https:\/\/grupobcc.com\/mx\/wp-json\/wp\/v2\/posts\/24659\/revisions\/24662"}],"wp:featuredmedia":[{"embeddable":true,"href":"https:\/\/grupobcc.com\/mx\/wp-json\/wp\/v2\/media\/22005"}],"wp:attachment":[{"href":"https:\/\/grupobcc.com\/mx\/wp-json\/wp\/v2\/media?parent=24659"}],"wp:term":[{"taxonomy":"category","embeddable":true,"href":"https:\/\/grupobcc.com\/mx\/wp-json\/wp\/v2\/categories?post=24659"},{"taxonomy":"post_tag","embeddable":true,"href":"https:\/\/grupobcc.com\/mx\/wp-json\/wp\/v2\/tags?post=24659"}],"curies":[{"name":"wp","href":"https:\/\/api.w.org\/{rel}","templated":true}]}}