{"id":24666,"date":"2021-01-25T10:33:48","date_gmt":"2021-01-25T09:33:48","guid":{"rendered":"https:\/\/grupobcc.com\/novedades-mx\/ricardo-lagos-europa-y-latinoamerica-tendremos-que-unir-fuerzas\/"},"modified":"2021-01-25T10:36:28","modified_gmt":"2021-01-25T09:36:28","slug":"ricardo-lagos-europa-y-latinoamerica-tendremos-que-unir-fuerzas","status":"publish","type":"post","link":"https:\/\/grupobcc.com\/mx\/novedades-mx\/ricardo-lagos-europa-y-latinoamerica-tendremos-que-unir-fuerzas\/","title":{"rendered":"Ricardo Lagos: Europa y Latinoam\u00e9rica tendremos que unir fuerzas"},"content":{"rendered":"<h4><img loading=\"lazy\" width=\"940\" height=\"660\" class=\"alignnone size-full wp-image-21428\" src=\"https:\/\/grupobcc.com\/wp\/wp-content\/uploads\/2015\/05\/Ricardo-Lagos-conferencias-presidente-Chile-speaker-e1599646027112.jpg\" alt=\"Ricardo Lagos conferencias, presidente Chile, speaker\" srcset=\"https:\/\/grupobcc.com\/wp\/wp-content\/uploads\/2015\/05\/Ricardo-Lagos-conferencias-presidente-Chile-speaker-e1599646027112.jpg 940w, https:\/\/grupobcc.com\/wp\/wp-content\/uploads\/2015\/05\/Ricardo-Lagos-conferencias-presidente-Chile-speaker-e1599646027112-300x211.jpg 300w, https:\/\/grupobcc.com\/wp\/wp-content\/uploads\/2015\/05\/Ricardo-Lagos-conferencias-presidente-Chile-speaker-e1599646027112-768x539.jpg 768w, https:\/\/grupobcc.com\/wp\/wp-content\/uploads\/2015\/05\/Ricardo-Lagos-conferencias-presidente-Chile-speaker-e1599646027112-541x380.jpg 541w\" sizes=\"(max-width: 940px) 100vw, 940px\" \/><\/h4>\n<h4><\/h4>\n<h4><\/h4>\n<h4 class=\"lead\"><b><a href=\"https:\/\/grupobcc.com\/mx\/speakers\/ricardo-lagos\/\"><span style=\"color: #ff6600;\">Ricardo Lagos<\/span><\/a>\u00a0<\/b>es abogado y uno de los economistas m\u00e1s influyentes de Sudam\u00e9rica. Ha asesorado a todos los gobiernos en el continente sudamericano en materia del empleo. Ofrece ideas sobre la pol\u00edtica y econom\u00eda global\u00a0 y sudamericana\u00a0 as\u00ed como profundos conocimientos de los efectos globales del cambio de clim\u00e1tico en las econom\u00edas l\u00edderes mundiales. Ha sido Ministro de Educaci\u00f3n y de Obras P\u00fablicas de su pa\u00eds.<\/h4>\n<p class=\"lead\">&nbsp;<\/p>\n<h4>Como Presidente de la Rep\u00fablica de Chile (2000\u20132006) Ricardo Lagos trabaj\u00f3 para liberalizar la sociedad chilena e impulsar los poderes civiles sobre los militares; fueron aprobadas otras reformas constitucionales, y llevados ante los tribunales de Justicia los delitos contra los derechos humanos as\u00ed como otros casos contra Pinochet.<\/h4>\n<h4>A continuaci\u00f3n compartimos un nuevo art\u00edculo publicado en La Tercera en el que podemos conocer con m\u00e1s detalle su visi\u00f3n sobre la situaci\u00f3n que estamos viviendo desde el enfoque econ\u00f3mico y pol\u00edtico:<\/h4>\n<h4><\/h4>\n<h4>&#8220;Un contundente desaf\u00edo nos present\u00f3 hace pocos d\u00edas el Alto Representante de la Uni\u00f3n Europea para Pol\u00edtica Exterior, Josep Borrell. Junto con proponer una renovaci\u00f3n de la Alianza Atl\u00e1ntica del Norte se\u00f1al\u00f3 \u2013y he ah\u00ed lo novedoso\u2013 que tambi\u00e9n era necesario reforzar la Alianza del Atl\u00e1ntico Sur. En otros t\u00e9rminos, dijo que<strong> Europa y Am\u00e9rica Latina<\/strong> \u2013y en especial los sudamericanos\u2013 <strong>debemos asumir los desaf\u00edos del mundo que viene con un di\u00e1logo m\u00e1s cercano.<\/strong><\/h4>\n<p>&nbsp;<\/p>\n<h4 class=\"paragraph \">El contexto de las relaciones entre <strong><span style=\"color: #ff6600;\">Europa y Estados Unidos ser\u00e1 distinto sin Trump<\/span> <\/strong>en la Casa Blanca. La altaner\u00eda del gobernante norteamericano con la Uni\u00f3n Europea y sus l\u00edderes quedar\u00e1 atr\u00e1s, pero no las huellas de un a\u00f1o en que el mundo sufri\u00f3 una crisis profunda, sin un espacio para discutirla ni abordarla a nivel universal y, para agravar la situaci\u00f3n, con la salida estadounidense de la Organizaci\u00f3n Mundial de la Salud. Vendr\u00e1 una rearticulaci\u00f3n pol\u00edtica, pero \u00bfen qu\u00e9 condiciones se dar\u00e1 \u00e9sta para Estados Unidos? Los lugares que la administraci\u00f3n Trump despreci\u00f3 o se neg\u00f3 a ocupar ya est\u00e1n tomados por otros, lo que cambi\u00f3 el escenario de la pol\u00edtica internacional y sin duda complejizar\u00e1 y ralentizar\u00e1 el regreso de Washington a la escena mundial.<\/h4>\n<p>&nbsp;<\/p>\n<h4 class=\"paragraph \">Biden y sus equipos de gobierno saben que ya no basta con rescatar los lineamientos internacionales de los tiempos de Obama. Hay cambios determinantes: una globalizaci\u00f3n cuestionada, rechazos sociales ante la desigualdad creciente, los grandes de la comunicaci\u00f3n digital transfromados en actores de la pol\u00edtica global, y la econom\u00eda mundial estancada mientras China asume espacios de articulaci\u00f3n en esa \u00e1rea, anticipando su papel como potencia. (&#8230;)&#8221;<\/h4>\n<h4><\/h4>\n<h4>Puedes leer el art\u00edculo completo en el siguiente enlace: <a href=\"https:\/\/www.latercera.com\/opinion\/noticia\/columna-de-ricardo-lagos-una-integracion-transatlantica-para-el-siglo-xxi\/74L3KLZK2FHAZMN27FZOX76I5E\/\">https:\/\/www.latercera.com\/opinion\/noticia\/columna-de-ricardo-lagos-una-integracion-transatlantica-para-el-siglo-xxi\/74L3KLZK2FHAZMN27FZOX76I5E\/<\/a><\/h4>\n","protected":false},"excerpt":{"rendered":"<p>Ricardo Lagos\u00a0es abogado y uno de los economistas m\u00e1s influyentes de Sudam\u00e9rica. Ha asesorado a todos los gobiernos en el continente sudamericano en materia del empleo. Ofrece ideas sobre la pol\u00edtica y econom\u00eda global\u00a0 y sudamericana\u00a0 as\u00ed como profundos conocimientos de los efectos globales del cambio de clim\u00e1tico en las econom\u00edas l\u00edderes mundiales. Ha sido&#8230;  <a href=\"https:\/\/grupobcc.com\/mx\/novedades-mx\/ricardo-lagos-europa-y-latinoamerica-tendremos-que-unir-fuerzas\/\" class=\"more-link\" title=\"Read Ricardo Lagos: Europa y Latinoam\u00e9rica tendremos que unir fuerzas\">Read more &raquo;<\/a><\/p>\n","protected":false},"author":12,"featured_media":21432,"comment_status":"open","ping_status":"closed","sticky":false,"template":"","format":"standard","meta":{"_mi_skip_tracking":false},"categories":[106],"tags":[],"yoast_head":"<!-- This site is optimized with the Yoast SEO plugin v16.6 - https:\/\/yoast.com\/wordpress\/plugins\/seo\/ -->\n<meta name=\"description\" content=\"La altaner\u00eda del gobernante norteamericano con la Uni\u00f3n Europea y sus l\u00edderes quedar\u00e1 atr\u00e1s, pero no las huellas de un a\u00f1o en que el mundo sufri\u00f3 una crisis profunda\" \/>\n<meta name=\"robots\" content=\"index, follow, max-snippet:-1, max-image-preview:large, max-video-preview:-1\" \/>\n<link rel=\"canonical\" href=\"https:\/\/grupobcc.com\/mx\/novedades-mx\/ricardo-lagos-europa-y-latinoamerica-tendremos-que-unir-fuerzas\/\" \/>\n<meta property=\"og:locale\" content=\"es_MX\" \/>\n<meta property=\"og:type\" content=\"article\" \/>\n<meta property=\"og:title\" content=\"Ricardo Lagos: Europa y Latinoam\u00e9rica tendremos que unir fuerzas\" \/>\n<meta property=\"og:description\" content=\"La altaner\u00eda del gobernante norteamericano con la Uni\u00f3n Europea y sus l\u00edderes quedar\u00e1 atr\u00e1s, pero no las huellas de un a\u00f1o en que el mundo sufri\u00f3 una crisis profunda\" \/>\n<meta property=\"og:url\" content=\"https:\/\/grupobcc.com\/mx\/novedades-mx\/ricardo-lagos-europa-y-latinoamerica-tendremos-que-unir-fuerzas\/\" \/>\n<meta property=\"og:site_name\" content=\"BCC Speakers\" \/>\n<meta property=\"article:published_time\" content=\"2021-01-25T09:33:48+00:00\" \/>\n<meta property=\"article:modified_time\" content=\"2021-01-25T09:36:28+00:00\" \/>\n<meta property=\"og:image\" content=\"https:\/\/grupobcc.com\/wp\/wp-content\/uploads\/2015\/05\/Ricardo-Lagos-conferencias-presidente-Chile-speaker.jpg\" \/>\n\t<meta property=\"og:image:width\" content=\"940\" \/>\n\t<meta property=\"og:image:height\" content=\"660\" \/>\n<meta name=\"twitter:card\" content=\"summary\" \/>\n<meta name=\"twitter:creator\" content=\"@BCCSpeakers\" \/>\n<meta name=\"twitter:site\" content=\"@BCCSpeakers\" \/>\n<meta name=\"twitter:label1\" content=\"Est. reading time\" \/>\n\t<meta name=\"twitter:data1\" content=\"2 minutes\" \/>\n<script type=\"application\/ld+json\" class=\"yoast-schema-graph\">{\"@context\":\"https:\/\/schema.org\",\"@graph\":[{\"@type\":\"WebSite\",\"@id\":\"https:\/\/grupobcc.com\/mx\/#website\",\"url\":\"https:\/\/grupobcc.com\/mx\/\",\"name\":\"BCC Speakers\",\"description\":\"The International Speakers Bureau\",\"potentialAction\":[{\"@type\":\"SearchAction\",\"target\":{\"@type\":\"EntryPoint\",\"urlTemplate\":\"https:\/\/grupobcc.com\/mx\/?s={search_term_string}\"},\"query-input\":\"required name=search_term_string\"}],\"inLanguage\":\"es-MX\"},{\"@type\":\"ImageObject\",\"@id\":\"https:\/\/grupobcc.com\/mx\/novedades-mx\/ricardo-lagos-europa-y-latinoamerica-tendremos-que-unir-fuerzas\/#primaryimage\",\"inLanguage\":\"es-MX\",\"url\":\"https:\/\/grupobcc.com\/wp\/wp-content\/uploads\/2015\/05\/Ricardo-Lagos-conferencias-presidente-Chile-speaker.jpg\",\"contentUrl\":\"https:\/\/grupobcc.com\/wp\/wp-content\/uploads\/2015\/05\/Ricardo-Lagos-conferencias-presidente-Chile-speaker.jpg\",\"width\":940,\"height\":660,\"caption\":\"Ricardo Lagos conferencias, presidente Chile, speaker\"},{\"@type\":\"WebPage\",\"@id\":\"https:\/\/grupobcc.com\/mx\/novedades-mx\/ricardo-lagos-europa-y-latinoamerica-tendremos-que-unir-fuerzas\/#webpage\",\"url\":\"https:\/\/grupobcc.com\/mx\/novedades-mx\/ricardo-lagos-europa-y-latinoamerica-tendremos-que-unir-fuerzas\/\",\"name\":\"Ricardo Lagos: Europa y Latinoam\\u00e9rica tendremos que unir fuerzas\",\"isPartOf\":{\"@id\":\"https:\/\/grupobcc.com\/mx\/#website\"},\"primaryImageOfPage\":{\"@id\":\"https:\/\/grupobcc.com\/mx\/novedades-mx\/ricardo-lagos-europa-y-latinoamerica-tendremos-que-unir-fuerzas\/#primaryimage\"},\"datePublished\":\"2021-01-25T09:33:48+00:00\",\"dateModified\":\"2021-01-25T09:36:28+00:00\",\"author\":{\"@id\":\"https:\/\/grupobcc.com\/mx\/#\/schema\/person\/db745cb18f6eca108cd3b0c07d9ce915\"},\"description\":\"La altaner\\u00eda del gobernante norteamericano con la Uni\\u00f3n Europea y sus l\\u00edderes quedar\\u00e1 atr\\u00e1s, pero no las huellas de un a\\u00f1o en que el mundo sufri\\u00f3 una crisis profunda\",\"breadcrumb\":{\"@id\":\"https:\/\/grupobcc.com\/mx\/novedades-mx\/ricardo-lagos-europa-y-latinoamerica-tendremos-que-unir-fuerzas\/#breadcrumb\"},\"inLanguage\":\"es-MX\",\"potentialAction\":[{\"@type\":\"ReadAction\",\"target\":[\"https:\/\/grupobcc.com\/mx\/novedades-mx\/ricardo-lagos-europa-y-latinoamerica-tendremos-que-unir-fuerzas\/\"]}]},{\"@type\":\"BreadcrumbList\",\"@id\":\"https:\/\/grupobcc.com\/mx\/novedades-mx\/ricardo-lagos-europa-y-latinoamerica-tendremos-que-unir-fuerzas\/#breadcrumb\",\"itemListElement\":[{\"@type\":\"ListItem\",\"position\":1,\"name\":\"Portada\",\"item\":\"https:\/\/grupobcc.com\/mx\/\"},{\"@type\":\"ListItem\",\"position\":2,\"name\":\"Ricardo Lagos: Europa y Latinoam\\u00e9rica tendremos que unir fuerzas\"}]},{\"@type\":\"Person\",\"@id\":\"https:\/\/grupobcc.com\/mx\/#\/schema\/person\/db745cb18f6eca108cd3b0c07d9ce915\",\"name\":\"Laura\",\"image\":{\"@type\":\"ImageObject\",\"@id\":\"https:\/\/grupobcc.com\/mx\/#personlogo\",\"inLanguage\":\"es-MX\",\"url\":\"https:\/\/secure.gravatar.com\/avatar\/a6d31b10824aca1fac2be3d9ca83fb29?s=96&d=mm&r=g\",\"contentUrl\":\"https:\/\/secure.gravatar.com\/avatar\/a6d31b10824aca1fac2be3d9ca83fb29?s=96&d=mm&r=g\",\"caption\":\"Laura\"},\"url\":\"https:\/\/grupobcc.com\/mx\/author\/laura\/\"}]}<\/script>\n<!-- \/ Yoast SEO plugin. -->","_links":{"self":[{"href":"https:\/\/grupobcc.com\/mx\/wp-json\/wp\/v2\/posts\/24666"}],"collection":[{"href":"https:\/\/grupobcc.com\/mx\/wp-json\/wp\/v2\/posts"}],"about":[{"href":"https:\/\/grupobcc.com\/mx\/wp-json\/wp\/v2\/types\/post"}],"author":[{"embeddable":true,"href":"https:\/\/grupobcc.com\/mx\/wp-json\/wp\/v2\/users\/12"}],"replies":[{"embeddable":true,"href":"https:\/\/grupobcc.com\/mx\/wp-json\/wp\/v2\/comments?post=24666"}],"version-history":[{"count":1,"href":"https:\/\/grupobcc.com\/mx\/wp-json\/wp\/v2\/posts\/24666\/revisions"}],"predecessor-version":[{"id":24669,"href":"https:\/\/grupobcc.com\/mx\/wp-json\/wp\/v2\/posts\/24666\/revisions\/24669"}],"wp:featuredmedia":[{"embeddable":true,"href":"https:\/\/grupobcc.com\/mx\/wp-json\/wp\/v2\/media\/21432"}],"wp:attachment":[{"href":"https:\/\/grupobcc.com\/mx\/wp-json\/wp\/v2\/media?parent=24666"}],"wp:term":[{"taxonomy":"category","embeddable":true,"href":"https:\/\/grupobcc.com\/mx\/wp-json\/wp\/v2\/categories?post=24666"},{"taxonomy":"post_tag","embeddable":true,"href":"https:\/\/grupobcc.com\/mx\/wp-json\/wp\/v2\/tags?post=24666"}],"curies":[{"name":"wp","href":"https:\/\/api.w.org\/{rel}","templated":true}]}}