{"id":24756,"date":"2021-01-28T12:20:11","date_gmt":"2021-01-28T11:20:11","guid":{"rendered":"https:\/\/grupobcc.com\/novedades-mx\/juanma-romero-reciclaje-tecnologico-para-los-profesores\/"},"modified":"2021-01-28T12:40:32","modified_gmt":"2021-01-28T11:40:32","slug":"juanma-romero-reciclaje-tecnologico-para-los-profesores","status":"publish","type":"post","link":"https:\/\/grupobcc.com\/mx\/novedades-mx\/juanma-romero-reciclaje-tecnologico-para-los-profesores\/","title":{"rendered":"Juanma Romero: Reciclaje tecnol\u00f3gico para los profesores"},"content":{"rendered":"<h4><img class=\"alignnone size-full wp-image-11959\" src=\"https:\/\/grupobcc.com\/wp\/wp-content\/uploads\/2017\/11\/Juanma-Romero-speaker-conferencias-keynote-emprende-rtve-e1510764523795.jpg\" alt=\"Juanma Romero speaker, conferencias, keynote, emprende, rtve\" \/><\/h4>\n<h4><\/h4>\n<h4><a href=\"https:\/\/grupobcc.com\/mx\/?post_type=speakers&#038;p=11963\"><span style=\"color: #ff6600;\"><strong>Juanma Romero<\/strong><\/span><\/a>\u00a0es director y presentador de \u2018<strong>Emprende\u2019<\/strong>, programa con una edici\u00f3n semanal, que emiten\u00a0<strong>Canal 24 horas, La 1 de TVE<\/strong>\u00a0y todos los\u00a0<strong>canales internacionales<\/strong>\u00a0de TVE. Tambi\u00e9n a trav\u00e9s de Facebook, Twitter y YouTube, en directo. Entre 2007 y 2012 fue editor de informativos de Canal 24 Horas y posteriormente director de Los Desayunos de TVE.<\/h4>\n<p class=\"lead\">&nbsp;<\/p>\n<h4>Compartimos un fragmento de un nuevo art\u00edculo publicado en el diario 20 Minutos en el que nuestro speaker comparte su visi\u00f3n sobre las dificutades que se est\u00e1n encontrando los profesores durante la pandemia y c\u00f3mo han salido adelante:<\/h4>\n<p>&nbsp;<\/p>\n<h4>&#8220;Juanma Romero, experto en tecnolog\u00eda, conferenciante y presentador de RTVE,\u00a0considera que durante la pandemia se han cometido muchos errores en la educaci\u00f3n y tenemos que estar prevenidos para el futuro. Estas manifestaciones son las reflexiones que traslada en su conferencia especializada, donde analiza la situaci\u00f3n a la que se han enfrentado los colegios, los estudiantes, los profesores y las familias y c\u00f3mo han conseguido salir adelante.<\/h4>\n<h4>En este sentido considera que \u201cha sido un ambiente enrarecido en el que los colegios han estado totalmente perdidos, casi siempre sin saber qu\u00e9 hacer. Pero no han sido los \u00fanicos.\u201d (&#8230;)&#8221;<\/h4>\n<p>&nbsp;<\/p>\n<h4>Puedes leer el art\u00edculo completo en el siguiente enlace: <a href=\"https:\/\/www.20minutos.es\/noticia\/4385121\/0\/juanma-romero-algunos-docentes-ya-estan-dejando-de-ser-analfabetos-funcionales-en-tecnologia\/?autoref=true\">https:\/\/www.20minutos.es\/noticia\/4385121\/0\/juanma-romero-algunos-docentes-ya-estan-dejando-de-ser-analfabetos-funcionales-en-tecnologia\/?autoref=true<\/a><\/h4>\n<p>&nbsp;<\/p>\n","protected":false},"excerpt":{"rendered":"<p>Juanma Romero\u00a0es director y presentador de \u2018Emprende\u2019, programa con una edici\u00f3n semanal, que emiten\u00a0Canal 24 horas, La 1 de TVE\u00a0y todos los\u00a0canales internacionales\u00a0de TVE. Tambi\u00e9n a trav\u00e9s de Facebook, Twitter y YouTube, en directo. Entre 2007 y 2012 fue editor de informativos de Canal 24 Horas y posteriormente director de Los Desayunos de TVE. &nbsp;&#8230;  <a href=\"https:\/\/grupobcc.com\/mx\/novedades-mx\/juanma-romero-reciclaje-tecnologico-para-los-profesores\/\" class=\"more-link\" title=\"Read Juanma Romero: Reciclaje tecnol\u00f3gico para los profesores\">Read more &raquo;<\/a><\/p>\n","protected":false},"author":12,"featured_media":21633,"comment_status":"open","ping_status":"closed","sticky":false,"template":"","format":"standard","meta":{"_mi_skip_tracking":false},"categories":[106],"tags":[],"yoast_head":"<!-- This site is optimized with the Yoast SEO plugin v16.6 - https:\/\/yoast.com\/wordpress\/plugins\/seo\/ -->\n<meta name=\"description\" content=\"Juanma Romero, experto en tecnolog\u00eda, conferenciante y presentador de RTVE,\u00a0considera que durante la pandemia se han cometido muchos errores en la educaci\u00f3n y tenemos que estar prevenidos para el futuro.\" \/>\n<meta name=\"robots\" content=\"index, follow, max-snippet:-1, max-image-preview:large, max-video-preview:-1\" \/>\n<link rel=\"canonical\" href=\"https:\/\/grupobcc.com\/mx\/novedades-mx\/juanma-romero-reciclaje-tecnologico-para-los-profesores\/\" \/>\n<meta property=\"og:locale\" content=\"es_MX\" \/>\n<meta property=\"og:type\" content=\"article\" \/>\n<meta property=\"og:title\" content=\"Juanma Romero: Reciclaje tecnol\u00f3gico para los profesores\" \/>\n<meta property=\"og:description\" content=\"Juanma Romero, experto en tecnolog\u00eda, conferenciante y presentador de RTVE,\u00a0considera que durante la pandemia se han cometido muchos errores en la educaci\u00f3n y tenemos que estar prevenidos para el futuro.\" \/>\n<meta property=\"og:url\" content=\"https:\/\/grupobcc.com\/mx\/novedades-mx\/juanma-romero-reciclaje-tecnologico-para-los-profesores\/\" \/>\n<meta property=\"og:site_name\" content=\"BCC Speakers\" \/>\n<meta property=\"article:published_time\" content=\"2021-01-28T11:20:11+00:00\" \/>\n<meta property=\"article:modified_time\" content=\"2021-01-28T11:40:32+00:00\" \/>\n<meta property=\"og:image\" content=\"https:\/\/grupobcc.com\/wp\/wp-content\/uploads\/2017\/11\/Juanma-Romero-speaker-conferencias-keynote-emprende-rtve-e1510764523795.jpg\" \/>\n\t<meta property=\"og:image:width\" content=\"940\" \/>\n\t<meta property=\"og:image:height\" content=\"660\" \/>\n<meta name=\"twitter:card\" content=\"summary\" \/>\n<meta name=\"twitter:creator\" content=\"@BCCSpeakers\" \/>\n<meta name=\"twitter:site\" content=\"@BCCSpeakers\" \/>\n<meta name=\"twitter:label1\" content=\"Est. reading time\" \/>\n\t<meta name=\"twitter:data1\" content=\"1 minute\" \/>\n<script type=\"application\/ld+json\" class=\"yoast-schema-graph\">{\"@context\":\"https:\/\/schema.org\",\"@graph\":[{\"@type\":\"WebSite\",\"@id\":\"https:\/\/grupobcc.com\/mx\/#website\",\"url\":\"https:\/\/grupobcc.com\/mx\/\",\"name\":\"BCC Speakers\",\"description\":\"The International Speakers Bureau\",\"potentialAction\":[{\"@type\":\"SearchAction\",\"target\":{\"@type\":\"EntryPoint\",\"urlTemplate\":\"https:\/\/grupobcc.com\/mx\/?s={search_term_string}\"},\"query-input\":\"required name=search_term_string\"}],\"inLanguage\":\"es-MX\"},{\"@type\":\"ImageObject\",\"@id\":\"https:\/\/grupobcc.com\/mx\/novedades-mx\/juanma-romero-reciclaje-tecnologico-para-los-profesores\/#primaryimage\",\"inLanguage\":\"es-MX\",\"url\":\"https:\/\/grupobcc.com\/wp\/wp-content\/uploads\/2017\/11\/Juanma-Romero-speaker-conferencias-keynote-emprende-rtve-e1510764523795.jpg\",\"contentUrl\":\"https:\/\/grupobcc.com\/wp\/wp-content\/uploads\/2017\/11\/Juanma-Romero-speaker-conferencias-keynote-emprende-rtve-e1510764523795.jpg\",\"width\":940,\"height\":660,\"caption\":\"Juanma Romero speaker, conferencias, keynote, emprende, rtve\"},{\"@type\":\"WebPage\",\"@id\":\"https:\/\/grupobcc.com\/mx\/novedades-mx\/juanma-romero-reciclaje-tecnologico-para-los-profesores\/#webpage\",\"url\":\"https:\/\/grupobcc.com\/mx\/novedades-mx\/juanma-romero-reciclaje-tecnologico-para-los-profesores\/\",\"name\":\"Juanma Romero: Reciclaje tecnol\\u00f3gico para los profesores\",\"isPartOf\":{\"@id\":\"https:\/\/grupobcc.com\/mx\/#website\"},\"primaryImageOfPage\":{\"@id\":\"https:\/\/grupobcc.com\/mx\/novedades-mx\/juanma-romero-reciclaje-tecnologico-para-los-profesores\/#primaryimage\"},\"datePublished\":\"2021-01-28T11:20:11+00:00\",\"dateModified\":\"2021-01-28T11:40:32+00:00\",\"author\":{\"@id\":\"https:\/\/grupobcc.com\/mx\/#\/schema\/person\/db745cb18f6eca108cd3b0c07d9ce915\"},\"description\":\"Juanma Romero, experto en tecnolog\\u00eda, conferenciante y presentador de RTVE,\\u00a0considera que durante la pandemia se han cometido muchos errores en la educaci\\u00f3n y tenemos que estar prevenidos para el futuro.\",\"breadcrumb\":{\"@id\":\"https:\/\/grupobcc.com\/mx\/novedades-mx\/juanma-romero-reciclaje-tecnologico-para-los-profesores\/#breadcrumb\"},\"inLanguage\":\"es-MX\",\"potentialAction\":[{\"@type\":\"ReadAction\",\"target\":[\"https:\/\/grupobcc.com\/mx\/novedades-mx\/juanma-romero-reciclaje-tecnologico-para-los-profesores\/\"]}]},{\"@type\":\"BreadcrumbList\",\"@id\":\"https:\/\/grupobcc.com\/mx\/novedades-mx\/juanma-romero-reciclaje-tecnologico-para-los-profesores\/#breadcrumb\",\"itemListElement\":[{\"@type\":\"ListItem\",\"position\":1,\"name\":\"Portada\",\"item\":\"https:\/\/grupobcc.com\/mx\/\"},{\"@type\":\"ListItem\",\"position\":2,\"name\":\"Juanma Romero: Reciclaje tecnol\\u00f3gico para los profesores\"}]},{\"@type\":\"Person\",\"@id\":\"https:\/\/grupobcc.com\/mx\/#\/schema\/person\/db745cb18f6eca108cd3b0c07d9ce915\",\"name\":\"Laura\",\"image\":{\"@type\":\"ImageObject\",\"@id\":\"https:\/\/grupobcc.com\/mx\/#personlogo\",\"inLanguage\":\"es-MX\",\"url\":\"https:\/\/secure.gravatar.com\/avatar\/a6d31b10824aca1fac2be3d9ca83fb29?s=96&d=mm&r=g\",\"contentUrl\":\"https:\/\/secure.gravatar.com\/avatar\/a6d31b10824aca1fac2be3d9ca83fb29?s=96&d=mm&r=g\",\"caption\":\"Laura\"},\"url\":\"https:\/\/grupobcc.com\/mx\/author\/laura\/\"}]}<\/script>\n<!-- \/ Yoast SEO plugin. -->","_links":{"self":[{"href":"https:\/\/grupobcc.com\/mx\/wp-json\/wp\/v2\/posts\/24756"}],"collection":[{"href":"https:\/\/grupobcc.com\/mx\/wp-json\/wp\/v2\/posts"}],"about":[{"href":"https:\/\/grupobcc.com\/mx\/wp-json\/wp\/v2\/types\/post"}],"author":[{"embeddable":true,"href":"https:\/\/grupobcc.com\/mx\/wp-json\/wp\/v2\/users\/12"}],"replies":[{"embeddable":true,"href":"https:\/\/grupobcc.com\/mx\/wp-json\/wp\/v2\/comments?post=24756"}],"version-history":[{"count":1,"href":"https:\/\/grupobcc.com\/mx\/wp-json\/wp\/v2\/posts\/24756\/revisions"}],"predecessor-version":[{"id":24759,"href":"https:\/\/grupobcc.com\/mx\/wp-json\/wp\/v2\/posts\/24756\/revisions\/24759"}],"wp:featuredmedia":[{"embeddable":true,"href":"https:\/\/grupobcc.com\/mx\/wp-json\/wp\/v2\/media\/21633"}],"wp:attachment":[{"href":"https:\/\/grupobcc.com\/mx\/wp-json\/wp\/v2\/media?parent=24756"}],"wp:term":[{"taxonomy":"category","embeddable":true,"href":"https:\/\/grupobcc.com\/mx\/wp-json\/wp\/v2\/categories?post=24756"},{"taxonomy":"post_tag","embeddable":true,"href":"https:\/\/grupobcc.com\/mx\/wp-json\/wp\/v2\/tags?post=24756"}],"curies":[{"name":"wp","href":"https:\/\/api.w.org\/{rel}","templated":true}]}}