{"id":24778,"date":"2021-01-29T13:01:11","date_gmt":"2021-01-29T12:01:11","guid":{"rendered":"https:\/\/grupobcc.com\/novedades-mx\/bisila-bokoko-el-exito-se-debe-al-factor-mas-humano\/"},"modified":"2021-01-29T13:27:35","modified_gmt":"2021-01-29T12:27:35","slug":"bisila-bokoko-el-exito-se-debe-al-factor-mas-humano","status":"publish","type":"post","link":"https:\/\/grupobcc.com\/mx\/novedades-mx\/bisila-bokoko-el-exito-se-debe-al-factor-mas-humano\/","title":{"rendered":"Bisila Bokoko: \u00bfEl \u00e9xito se debe al factor m\u00e1s humano?"},"content":{"rendered":"<h4><img class=\"alignnone size-full wp-image-7285\" src=\"https:\/\/grupobcc.com\/wp\/wp-content\/uploads\/2016\/04\/Bisila-Bokoko-speaker-conferencias-keynote-speech-liderazgo-e1459870287932.jpg\" alt=\"Bisila Bokoko speaker, conferencias, keynote speech. BCC Conferenciantes\" \/><\/h4>\n<h4><\/h4>\n<h4><\/h4>\n<h4 class=\"lead\">Durante casi 7 a\u00f1os, <span style=\"color: #ff6600;\"><a style=\"color: #ff6600;\" href=\"https:\/\/grupobcc.com\/mx\/speakers\/bisila-bokoko\/\"><strong>Bisila Bokoko<\/strong><\/a><\/span> ha sido la\u00a0<b>Directora Ejecutiva de la C\u00e1mara de Comercio Espa\u00f1a-Estados Unidos en Nueva York\u00a0<\/b>(Organizaci\u00f3n encargada de fomentar las relaciones comerciales, de inversi\u00f3n e institucionales entre Espa\u00f1a y los Estados Unidos).<\/h4>\n<p class=\"lead\">&nbsp;<\/p>\n<h4>Bisila Bokoko est\u00e1 considerada una de las diez mujeres espa\u00f1olas m\u00e1s influyentes en el mundo de los negocios americanos. Con 15 a\u00f1os de experiencia como catalizadora para el cambio y establecimiento de alianzas estrat\u00e9gicas, creaci\u00f3n y puesta en marcha de nuevas oportunidades para las empresas en Nueva York y en todo el mundo, ha demostrado tener un poder muy efectivo como embajadora mundial de marca, as\u00ed como portavoz en el desarrollo de los negocios.<\/h4>\n<p>&nbsp;<\/p>\n<h4>A continuaci\u00f3ncompartimos un fragmento de la nueva entrevista publicada por Status Of Empire en la que podemos conocer con m\u00e1s detalle la visi\u00f3n de nuestra speaker sobre qu\u00e9 es el \u00e9xito, c\u00f3mo gestionarlo y muchos otros temas de inter\u00e9s empresarial:<\/h4>\n<h4><\/h4>\n<h4>&#8220;<span style=\"color: #ff6600;\"><strong>\u00bfSu experiencia y trayectoria profesional le han llevado a la conclusi\u00f3n, que gran parte del \u00e9xito profesional se debe al factor m\u00e1s humano? Nos puede explicar brevemente esta afirmaci\u00f3n.<\/strong><\/span><\/h4>\n<p>&nbsp;<\/p>\n<h4 class=\"has-text-align-left\">Es el capital humano el verdadero motor de transformaci\u00f3n y desarrollo hacia el \u00e9xito actual y futuro de toda empresa y as\u00ed nos lo ha confirmado la situaci\u00f3n que estamos viviendo actualmente, verdad?<\/h4>\n<h4>Yo soy el resultado de las personas que me rodean, y empezando por mis padres que sin ellos no ser\u00eda quien soy, mis hermanos que todos han tenido gran influencia en mi vida, mis hijos, mi marido, mis amigos, las personas con las que he trabajado y con las que trabajo a d\u00eda de hoy, las personas que aun sin conocerlas me muestran cari\u00f1o cada d\u00eda a trav\u00e9s de las redes\u2026<\/h4>\n<h4><\/h4>\n<h4><span style=\"color: #ff6600;\"><strong>\u00bfCu\u00e1l cree que es su mejor habilidad?<\/strong><\/span><\/h4>\n<p>&nbsp;<\/p>\n<h4>La de sonre\u00edr ante la adversidad y conectar con las personas.<\/h4>\n<p>&nbsp;<\/p>\n<h4><span style=\"color: #ff6600;\"><strong>Este a\u00f1o quedar\u00e1 marcado en nuestras memorias por la crisis sanitaria, pero sabemos que eres una persona que siempre encuentra el lado positivo ante todas las circunstancias, \u00bfqu\u00e9 cosas positivas nos deja este tormentoso 2020?, \u00bfes momento de reinventarse?<\/strong><\/span><\/h4>\n<p>&nbsp;<\/p>\n<h4>As\u00ed es, es un a\u00f1o de claros y oscuros pero yo me quedo con los aspectos positivos, este a\u00f1o ha servido para hacer un cambio en nuestras prioridades como sociedad, la salud y la familia tomando el papel m\u00e1s relevante. Nos ha servido para reflexionar si queremos seguir viviendo una vida apresurada llena de stress sin saber muy bien porque\u2026Nos ha servido para fomentar la innovaci\u00f3n y la creatividad, hemos agudizado nuestro ingenio si o si,\u00a0 ha impulsado la cooperaci\u00f3n internacional y la solidaridad . Hemos aprendido a valorar el contacto f\u00edsico y las muestras de cari\u00f1o ( adoro los abrazos, no los echas de menos?)\u2026\u00a1Hemos cambiado de h\u00e9roes! \u00a1El personal sanitario y los profesores! Bravo! (&#8230;)&#8221;<\/h4>\n<h4><\/h4>\n<h4>Puedes leer la entrevista completa en el siguiente enlace: <a href=\"https:\/\/www.statusofempire.com\/bisila-bokokoel-capital-humano-es-el-verdadero-motor-de-transformacion\/\">https:\/\/www.statusofempire.com\/bisila-bokokoel-capital-humano-es-el-verdadero-motor-de-transformacion\/<\/a><\/h4>\n<p>&nbsp;<\/p>\n","protected":false},"excerpt":{"rendered":"<p>Durante casi 7 a\u00f1os, Bisila Bokoko ha sido la\u00a0Directora Ejecutiva de la C\u00e1mara de Comercio Espa\u00f1a-Estados Unidos en Nueva York\u00a0(Organizaci\u00f3n encargada de fomentar las relaciones comerciales, de inversi\u00f3n e institucionales entre Espa\u00f1a y los Estados Unidos). &nbsp; Bisila Bokoko est\u00e1 considerada una de las diez mujeres espa\u00f1olas m\u00e1s influyentes en el mundo de los negocios&#8230;  <a href=\"https:\/\/grupobcc.com\/mx\/novedades-mx\/bisila-bokoko-el-exito-se-debe-al-factor-mas-humano\/\" class=\"more-link\" title=\"Read Bisila Bokoko: \u00bfEl \u00e9xito se debe al factor m\u00e1s humano?\">Read more &raquo;<\/a><\/p>\n","protected":false},"author":12,"featured_media":24779,"comment_status":"open","ping_status":"closed","sticky":false,"template":"","format":"standard","meta":{"_mi_skip_tracking":false},"categories":[106],"tags":[],"yoast_head":"<!-- This site is optimized with the Yoast SEO plugin v16.6 - https:\/\/yoast.com\/wordpress\/plugins\/seo\/ -->\n<meta name=\"description\" content=\"Yo me quedo con los aspectos positivos, este a\u00f1o ha servido para hacer un cambio en nuestras prioridades como sociedad, la salud y la familia tomando el papel m\u00e1s relevante.\" \/>\n<meta name=\"robots\" content=\"index, follow, max-snippet:-1, max-image-preview:large, max-video-preview:-1\" \/>\n<link rel=\"canonical\" href=\"https:\/\/grupobcc.com\/mx\/novedades-mx\/bisila-bokoko-el-exito-se-debe-al-factor-mas-humano\/\" \/>\n<meta property=\"og:locale\" content=\"es_MX\" \/>\n<meta property=\"og:type\" content=\"article\" \/>\n<meta property=\"og:title\" content=\"Bisila Bokoko: \u00bfEl \u00e9xito se debe al factor m\u00e1s humano?\" \/>\n<meta property=\"og:description\" content=\"Yo me quedo con los aspectos positivos, este a\u00f1o ha servido para hacer un cambio en nuestras prioridades como sociedad, la salud y la familia tomando el papel m\u00e1s relevante.\" \/>\n<meta property=\"og:url\" content=\"https:\/\/grupobcc.com\/mx\/novedades-mx\/bisila-bokoko-el-exito-se-debe-al-factor-mas-humano\/\" \/>\n<meta property=\"og:site_name\" content=\"BCC Speakers\" \/>\n<meta property=\"article:published_time\" content=\"2021-01-29T12:01:11+00:00\" \/>\n<meta property=\"article:modified_time\" content=\"2021-01-29T12:27:35+00:00\" \/>\n<meta property=\"og:image\" content=\"https:\/\/grupobcc.com\/wp\/wp-content\/uploads\/2016\/04\/Bisila-Bokoko-speaker-conferencias-keynote-speech-liderazgo-e1459870287932.jpg\" \/>\n\t<meta property=\"og:image:width\" content=\"940\" \/>\n\t<meta property=\"og:image:height\" content=\"660\" \/>\n<meta name=\"twitter:card\" content=\"summary\" \/>\n<meta name=\"twitter:creator\" content=\"@BCCSpeakers\" \/>\n<meta name=\"twitter:site\" content=\"@BCCSpeakers\" \/>\n<meta name=\"twitter:label1\" content=\"Est. reading time\" \/>\n\t<meta name=\"twitter:data1\" content=\"3 minutes\" \/>\n<script type=\"application\/ld+json\" class=\"yoast-schema-graph\">{\"@context\":\"https:\/\/schema.org\",\"@graph\":[{\"@type\":\"WebSite\",\"@id\":\"https:\/\/grupobcc.com\/mx\/#website\",\"url\":\"https:\/\/grupobcc.com\/mx\/\",\"name\":\"BCC Speakers\",\"description\":\"The International Speakers Bureau\",\"potentialAction\":[{\"@type\":\"SearchAction\",\"target\":{\"@type\":\"EntryPoint\",\"urlTemplate\":\"https:\/\/grupobcc.com\/mx\/?s={search_term_string}\"},\"query-input\":\"required name=search_term_string\"}],\"inLanguage\":\"es-MX\"},{\"@type\":\"ImageObject\",\"@id\":\"https:\/\/grupobcc.com\/mx\/novedades-mx\/bisila-bokoko-el-exito-se-debe-al-factor-mas-humano\/#primaryimage\",\"inLanguage\":\"es-MX\",\"url\":\"https:\/\/grupobcc.com\/wp\/wp-content\/uploads\/2016\/04\/Bisila-Bokoko-speaker-conferencias-keynote-speech-liderazgo-e1459870287932.jpg\",\"contentUrl\":\"https:\/\/grupobcc.com\/wp\/wp-content\/uploads\/2016\/04\/Bisila-Bokoko-speaker-conferencias-keynote-speech-liderazgo-e1459870287932.jpg\",\"width\":940,\"height\":660,\"caption\":\"Bisila Bokoko speaker, conferencias, keynote speech. BCC Conferenciantes\"},{\"@type\":\"WebPage\",\"@id\":\"https:\/\/grupobcc.com\/mx\/novedades-mx\/bisila-bokoko-el-exito-se-debe-al-factor-mas-humano\/#webpage\",\"url\":\"https:\/\/grupobcc.com\/mx\/novedades-mx\/bisila-bokoko-el-exito-se-debe-al-factor-mas-humano\/\",\"name\":\"Bisila Bokoko: \\u00bfEl \\u00e9xito se debe al factor m\\u00e1s humano?\",\"isPartOf\":{\"@id\":\"https:\/\/grupobcc.com\/mx\/#website\"},\"primaryImageOfPage\":{\"@id\":\"https:\/\/grupobcc.com\/mx\/novedades-mx\/bisila-bokoko-el-exito-se-debe-al-factor-mas-humano\/#primaryimage\"},\"datePublished\":\"2021-01-29T12:01:11+00:00\",\"dateModified\":\"2021-01-29T12:27:35+00:00\",\"author\":{\"@id\":\"https:\/\/grupobcc.com\/mx\/#\/schema\/person\/db745cb18f6eca108cd3b0c07d9ce915\"},\"description\":\"Yo me quedo con los aspectos positivos, este a\\u00f1o ha servido para hacer un cambio en nuestras prioridades como sociedad, la salud y la familia tomando el papel m\\u00e1s relevante.\",\"breadcrumb\":{\"@id\":\"https:\/\/grupobcc.com\/mx\/novedades-mx\/bisila-bokoko-el-exito-se-debe-al-factor-mas-humano\/#breadcrumb\"},\"inLanguage\":\"es-MX\",\"potentialAction\":[{\"@type\":\"ReadAction\",\"target\":[\"https:\/\/grupobcc.com\/mx\/novedades-mx\/bisila-bokoko-el-exito-se-debe-al-factor-mas-humano\/\"]}]},{\"@type\":\"BreadcrumbList\",\"@id\":\"https:\/\/grupobcc.com\/mx\/novedades-mx\/bisila-bokoko-el-exito-se-debe-al-factor-mas-humano\/#breadcrumb\",\"itemListElement\":[{\"@type\":\"ListItem\",\"position\":1,\"name\":\"Portada\",\"item\":\"https:\/\/grupobcc.com\/mx\/\"},{\"@type\":\"ListItem\",\"position\":2,\"name\":\"Bisila Bokoko: \\u00bfEl \\u00e9xito se debe al factor m\\u00e1s humano?\"}]},{\"@type\":\"Person\",\"@id\":\"https:\/\/grupobcc.com\/mx\/#\/schema\/person\/db745cb18f6eca108cd3b0c07d9ce915\",\"name\":\"Laura\",\"image\":{\"@type\":\"ImageObject\",\"@id\":\"https:\/\/grupobcc.com\/mx\/#personlogo\",\"inLanguage\":\"es-MX\",\"url\":\"https:\/\/secure.gravatar.com\/avatar\/a6d31b10824aca1fac2be3d9ca83fb29?s=96&d=mm&r=g\",\"contentUrl\":\"https:\/\/secure.gravatar.com\/avatar\/a6d31b10824aca1fac2be3d9ca83fb29?s=96&d=mm&r=g\",\"caption\":\"Laura\"},\"url\":\"https:\/\/grupobcc.com\/mx\/author\/laura\/\"}]}<\/script>\n<!-- \/ Yoast SEO plugin. -->","_links":{"self":[{"href":"https:\/\/grupobcc.com\/mx\/wp-json\/wp\/v2\/posts\/24778"}],"collection":[{"href":"https:\/\/grupobcc.com\/mx\/wp-json\/wp\/v2\/posts"}],"about":[{"href":"https:\/\/grupobcc.com\/mx\/wp-json\/wp\/v2\/types\/post"}],"author":[{"embeddable":true,"href":"https:\/\/grupobcc.com\/mx\/wp-json\/wp\/v2\/users\/12"}],"replies":[{"embeddable":true,"href":"https:\/\/grupobcc.com\/mx\/wp-json\/wp\/v2\/comments?post=24778"}],"version-history":[{"count":1,"href":"https:\/\/grupobcc.com\/mx\/wp-json\/wp\/v2\/posts\/24778\/revisions"}],"predecessor-version":[{"id":24782,"href":"https:\/\/grupobcc.com\/mx\/wp-json\/wp\/v2\/posts\/24778\/revisions\/24782"}],"wp:featuredmedia":[{"embeddable":true,"href":"https:\/\/grupobcc.com\/mx\/wp-json\/wp\/v2\/media\/24779"}],"wp:attachment":[{"href":"https:\/\/grupobcc.com\/mx\/wp-json\/wp\/v2\/media?parent=24778"}],"wp:term":[{"taxonomy":"category","embeddable":true,"href":"https:\/\/grupobcc.com\/mx\/wp-json\/wp\/v2\/categories?post=24778"},{"taxonomy":"post_tag","embeddable":true,"href":"https:\/\/grupobcc.com\/mx\/wp-json\/wp\/v2\/tags?post=24778"}],"curies":[{"name":"wp","href":"https:\/\/api.w.org\/{rel}","templated":true}]}}