{"id":25728,"date":"2021-04-12T17:23:10","date_gmt":"2021-04-12T15:23:10","guid":{"rendered":"https:\/\/grupobcc.com\/novedades-mx\/trayectoria-de-marta-rios-hasta-su-nombramiento-como-directora-general-de-adidas-iberia\/"},"modified":"2021-04-12T17:23:10","modified_gmt":"2021-04-12T15:23:10","slug":"trayectoria-de-marta-rios-hasta-su-nombramiento-como-directora-general-de-adidas-iberia","status":"publish","type":"post","link":"https:\/\/grupobcc.com\/mx\/novedades-mx\/trayectoria-de-marta-rios-hasta-su-nombramiento-como-directora-general-de-adidas-iberia\/","title":{"rendered":"Trayectoria de Marta R\u00edos hasta su nombramiento como Directora General de adidas Iberia"},"content":{"rendered":"<h4><img loading=\"lazy\" class=\"alignnone wp-image-12869 size-full\" src=\"https:\/\/grupobcc.com\/wp\/wp-content\/uploads\/2018\/10\/Marta-R\u00edos-speaker-conferencias-adidas-e1540988945692.jpg\" alt=\"Marta R\u00edos speaker, conferencias, adidas\" width=\"940\" height=\"660\" srcset=\"https:\/\/grupobcc.com\/wp\/wp-content\/uploads\/2018\/10\/Marta-R\u00edos-speaker-conferencias-adidas-e1540988945692.jpg 940w, https:\/\/grupobcc.com\/wp\/wp-content\/uploads\/2018\/10\/Marta-R\u00edos-speaker-conferencias-adidas-e1540988945692-300x211.jpg 300w, https:\/\/grupobcc.com\/wp\/wp-content\/uploads\/2018\/10\/Marta-R\u00edos-speaker-conferencias-adidas-e1540988945692-768x539.jpg 768w, https:\/\/grupobcc.com\/wp\/wp-content\/uploads\/2018\/10\/Marta-R\u00edos-speaker-conferencias-adidas-e1540988945692-541x380.jpg 541w\" sizes=\"(max-width: 940px) 100vw, 940px\" \/><\/h4>\n<h4><\/h4>\n<h4><span style=\"color: #ff6600;\"><b><a style=\"color: #ff6600;\" href=\"https:\/\/grupobcc.com\/mx\/speakers\/marta-rios\/\">Marta R\u00edos<\/a>\u00a0<\/b><\/span>es la actual directora general del\u00a0<b>Grupo\u00a0<\/b><b>a<\/b><b>didas\u00a0<\/b>en la Pen\u00ednsula Ib\u00e9rica. Es la primera mujer que accede a este cargo.\u00a0Marta R\u00edos es ahora la responsable del desarrollo de las marcas del grupo (adidas y Reebok) en Espa\u00f1a y Portugal.<\/h4>\n<h4><\/h4>\n<h4>A continuaci\u00f3n compartimos un fragmento de la entrevista publicada por Forbes donde pod\u00e9is conocer con m\u00e1s detalle la trayectoria de Marta R\u00edos:<\/h4>\n<h4><\/h4>\n<h4>&#8220;<strong><span style=\"color: #ff6600;\">\u00bfQu\u00e9 supuso el nombramiento que le convirti\u00f3 en la primera mujer en dirigir adidas Iberia?<\/span><\/strong><\/h4>\n<p class=\"lead\">&nbsp;<\/p>\n<h4>Supuso un gran orgullo, y a la vez, un gran peso, una gran responsabilidad. Ten\u00eda mis dudas sobre si presentarme al puesto, porque no ten\u00eda role models en la empresa a ese nivel como yo, mujeres con ni\u00f1os peque\u00f1os, buscando progresar en la carrera profesional, pero tambi\u00e9n buscando mantener un equilibrio personal, que para m\u00ed es important\u00edsimo. A nivel profesional ha supuesto un reto interesant\u00edsimo, un puesto as\u00ed te da una perspectiva sobre el negocio y sus complejidades, en el que se disfruta y se aprende cada d\u00eda. Tambi\u00e9n he de reconocer que ha habido momentos muy duros.<\/h4>\n<p>&nbsp;<\/p>\n<h4><strong><span style=\"color: #ff6600;\">\u00bfY qu\u00e9 sistema ve mejor para que haya m\u00e1s mujeres en puestos directivos?<\/span><\/strong><\/h4>\n<h4><\/h4>\n<h4>Creo que tenemos que cambiar la cultura de las organizaciones desde abajo y desde el ejemplo. En cada momento hay que promocionar a la mejor persona para el puesto, independientemente del g\u00e9nero y otras consideraciones, pero a la vez, las mujeres tambi\u00e9n tienen que querer acceder a puestos de responsabilidad, deben tener la confianza y el apoyo de su entorno personal y profesional para que crean en ellas y se lancen a probar nuevos retos. Estoy deseando que llegue el d\u00eda en que no sean necesarias este tipo de preguntas en las entrevistas, porque ya veremos como algo natural la participaci\u00f3n de mujeres en puestos directivos en n\u00fameros similares a su representaci\u00f3n en la sociedad.<\/h4>\n<p>&nbsp;<\/p>\n<h4><strong><span style=\"color: #ff6600;\">23 a\u00f1os en una empresa dan para trabajar en muchos proyectos, \u00bfcu\u00e1l de todos ellos dej\u00f3 una importante huella en usted?<\/span><\/strong><\/h4>\n<p>&nbsp;<\/p>\n<h4>(&#8230;)&#8221;<\/h4>\n<p>&nbsp;<\/p>\n<h4>Pod\u00e9is leer la entrevista completo en Forbes<\/h4>\n<p>&nbsp;<\/p>\n","protected":false},"excerpt":{"rendered":"<p>Marta R\u00edos\u00a0es la actual directora general del\u00a0Grupo\u00a0adidas\u00a0en la Pen\u00ednsula Ib\u00e9rica. Es la primera mujer que accede a este cargo.\u00a0Marta R\u00edos es ahora la responsable del desarrollo de las marcas del grupo (adidas y Reebok) en Espa\u00f1a y Portugal. A continuaci\u00f3n compartimos un fragmento de la entrevista publicada por Forbes donde pod\u00e9is conocer con m\u00e1s detalle&#8230;  <a href=\"https:\/\/grupobcc.com\/mx\/novedades-mx\/trayectoria-de-marta-rios-hasta-su-nombramiento-como-directora-general-de-adidas-iberia\/\" class=\"more-link\" title=\"Read Trayectoria de Marta R\u00edos hasta su nombramiento como Directora General de adidas Iberia\">Read more &raquo;<\/a><\/p>\n","protected":false},"author":12,"featured_media":25721,"comment_status":"open","ping_status":"closed","sticky":false,"template":"","format":"standard","meta":{"_mi_skip_tracking":false},"categories":[106],"tags":[],"yoast_head":"<!-- This site is optimized with the Yoast SEO plugin v16.6 - https:\/\/yoast.com\/wordpress\/plugins\/seo\/ -->\n<meta name=\"description\" content=\"Creo que tenemos que cambiar la cultura de las organizaciones desde abajo y desde el ejemplo. En cada momento hay que promocionar a la mejor persona para el puesto\" \/>\n<meta name=\"robots\" content=\"index, follow, max-snippet:-1, max-image-preview:large, max-video-preview:-1\" \/>\n<link rel=\"canonical\" href=\"https:\/\/grupobcc.com\/mx\/novedades-mx\/trayectoria-de-marta-rios-hasta-su-nombramiento-como-directora-general-de-adidas-iberia\/\" \/>\n<meta property=\"og:locale\" content=\"es_MX\" \/>\n<meta property=\"og:type\" content=\"article\" \/>\n<meta property=\"og:title\" content=\"Trayectoria de Marta R\u00edos hasta su nombramiento como Directora General de adidas Iberia\" \/>\n<meta property=\"og:description\" content=\"Creo que tenemos que cambiar la cultura de las organizaciones desde abajo y desde el ejemplo. En cada momento hay que promocionar a la mejor persona para el puesto\" \/>\n<meta property=\"og:url\" content=\"https:\/\/grupobcc.com\/mx\/novedades-mx\/trayectoria-de-marta-rios-hasta-su-nombramiento-como-directora-general-de-adidas-iberia\/\" \/>\n<meta property=\"og:site_name\" content=\"BCC Speakers\" \/>\n<meta property=\"article:published_time\" content=\"2021-04-12T15:23:10+00:00\" \/>\n<meta property=\"og:image\" content=\"https:\/\/grupobcc.com\/wp\/wp-content\/uploads\/2018\/10\/Marta-R\u00edos-speaker-conferencias-adidas-e1540988945692.jpg\" \/>\n\t<meta property=\"og:image:width\" content=\"940\" \/>\n\t<meta property=\"og:image:height\" content=\"660\" \/>\n<meta name=\"twitter:card\" content=\"summary\" \/>\n<meta name=\"twitter:creator\" content=\"@BCCSpeakers\" \/>\n<meta name=\"twitter:site\" content=\"@BCCSpeakers\" \/>\n<meta name=\"twitter:label1\" content=\"Est. reading time\" \/>\n\t<meta name=\"twitter:data1\" content=\"2 minutes\" \/>\n<script type=\"application\/ld+json\" class=\"yoast-schema-graph\">{\"@context\":\"https:\/\/schema.org\",\"@graph\":[{\"@type\":\"WebSite\",\"@id\":\"https:\/\/grupobcc.com\/mx\/#website\",\"url\":\"https:\/\/grupobcc.com\/mx\/\",\"name\":\"BCC Speakers\",\"description\":\"The International Speakers Bureau\",\"potentialAction\":[{\"@type\":\"SearchAction\",\"target\":{\"@type\":\"EntryPoint\",\"urlTemplate\":\"https:\/\/grupobcc.com\/mx\/?s={search_term_string}\"},\"query-input\":\"required name=search_term_string\"}],\"inLanguage\":\"es-MX\"},{\"@type\":\"ImageObject\",\"@id\":\"https:\/\/grupobcc.com\/mx\/novedades-mx\/trayectoria-de-marta-rios-hasta-su-nombramiento-como-directora-general-de-adidas-iberia\/#primaryimage\",\"inLanguage\":\"es-MX\",\"url\":\"https:\/\/grupobcc.com\/wp\/wp-content\/uploads\/2018\/10\/Marta-R\\u00edos-speaker-conferencias-adidas-e1540988945692.jpg\",\"contentUrl\":\"https:\/\/grupobcc.com\/wp\/wp-content\/uploads\/2018\/10\/Marta-R\\u00edos-speaker-conferencias-adidas-e1540988945692.jpg\",\"width\":940,\"height\":660,\"caption\":\"Marta R\\u00edos speaker, conferencias, adidas\"},{\"@type\":\"WebPage\",\"@id\":\"https:\/\/grupobcc.com\/mx\/novedades-mx\/trayectoria-de-marta-rios-hasta-su-nombramiento-como-directora-general-de-adidas-iberia\/#webpage\",\"url\":\"https:\/\/grupobcc.com\/mx\/novedades-mx\/trayectoria-de-marta-rios-hasta-su-nombramiento-como-directora-general-de-adidas-iberia\/\",\"name\":\"Trayectoria de Marta R\\u00edos hasta su nombramiento como Directora General de adidas Iberia\",\"isPartOf\":{\"@id\":\"https:\/\/grupobcc.com\/mx\/#website\"},\"primaryImageOfPage\":{\"@id\":\"https:\/\/grupobcc.com\/mx\/novedades-mx\/trayectoria-de-marta-rios-hasta-su-nombramiento-como-directora-general-de-adidas-iberia\/#primaryimage\"},\"datePublished\":\"2021-04-12T15:23:10+00:00\",\"dateModified\":\"2021-04-12T15:23:10+00:00\",\"author\":{\"@id\":\"https:\/\/grupobcc.com\/mx\/#\/schema\/person\/db745cb18f6eca108cd3b0c07d9ce915\"},\"description\":\"Creo que tenemos que cambiar la cultura de las organizaciones desde abajo y desde el ejemplo. En cada momento hay que promocionar a la mejor persona para el puesto\",\"breadcrumb\":{\"@id\":\"https:\/\/grupobcc.com\/mx\/novedades-mx\/trayectoria-de-marta-rios-hasta-su-nombramiento-como-directora-general-de-adidas-iberia\/#breadcrumb\"},\"inLanguage\":\"es-MX\",\"potentialAction\":[{\"@type\":\"ReadAction\",\"target\":[\"https:\/\/grupobcc.com\/mx\/novedades-mx\/trayectoria-de-marta-rios-hasta-su-nombramiento-como-directora-general-de-adidas-iberia\/\"]}]},{\"@type\":\"BreadcrumbList\",\"@id\":\"https:\/\/grupobcc.com\/mx\/novedades-mx\/trayectoria-de-marta-rios-hasta-su-nombramiento-como-directora-general-de-adidas-iberia\/#breadcrumb\",\"itemListElement\":[{\"@type\":\"ListItem\",\"position\":1,\"name\":\"Portada\",\"item\":\"https:\/\/grupobcc.com\/mx\/\"},{\"@type\":\"ListItem\",\"position\":2,\"name\":\"Trayectoria de Marta R\\u00edos hasta su nombramiento como Directora General de adidas Iberia\"}]},{\"@type\":\"Person\",\"@id\":\"https:\/\/grupobcc.com\/mx\/#\/schema\/person\/db745cb18f6eca108cd3b0c07d9ce915\",\"name\":\"Laura\",\"image\":{\"@type\":\"ImageObject\",\"@id\":\"https:\/\/grupobcc.com\/mx\/#personlogo\",\"inLanguage\":\"es-MX\",\"url\":\"https:\/\/secure.gravatar.com\/avatar\/a6d31b10824aca1fac2be3d9ca83fb29?s=96&d=mm&r=g\",\"contentUrl\":\"https:\/\/secure.gravatar.com\/avatar\/a6d31b10824aca1fac2be3d9ca83fb29?s=96&d=mm&r=g\",\"caption\":\"Laura\"},\"url\":\"https:\/\/grupobcc.com\/mx\/author\/laura\/\"}]}<\/script>\n<!-- \/ Yoast SEO plugin. -->","_links":{"self":[{"href":"https:\/\/grupobcc.com\/mx\/wp-json\/wp\/v2\/posts\/25728"}],"collection":[{"href":"https:\/\/grupobcc.com\/mx\/wp-json\/wp\/v2\/posts"}],"about":[{"href":"https:\/\/grupobcc.com\/mx\/wp-json\/wp\/v2\/types\/post"}],"author":[{"embeddable":true,"href":"https:\/\/grupobcc.com\/mx\/wp-json\/wp\/v2\/users\/12"}],"replies":[{"embeddable":true,"href":"https:\/\/grupobcc.com\/mx\/wp-json\/wp\/v2\/comments?post=25728"}],"version-history":[{"count":0,"href":"https:\/\/grupobcc.com\/mx\/wp-json\/wp\/v2\/posts\/25728\/revisions"}],"wp:featuredmedia":[{"embeddable":true,"href":"https:\/\/grupobcc.com\/mx\/wp-json\/wp\/v2\/media\/25721"}],"wp:attachment":[{"href":"https:\/\/grupobcc.com\/mx\/wp-json\/wp\/v2\/media?parent=25728"}],"wp:term":[{"taxonomy":"category","embeddable":true,"href":"https:\/\/grupobcc.com\/mx\/wp-json\/wp\/v2\/categories?post=25728"},{"taxonomy":"post_tag","embeddable":true,"href":"https:\/\/grupobcc.com\/mx\/wp-json\/wp\/v2\/tags?post=25728"}],"curies":[{"name":"wp","href":"https:\/\/api.w.org\/{rel}","templated":true}]}}