{"id":26134,"date":"2021-04-26T18:33:21","date_gmt":"2021-04-26T16:33:21","guid":{"rendered":"https:\/\/grupobcc.com\/novedades-mx\/juan-luis-cebrian-ciudadanos-entre-la-necesidad-y-el-miedo\/"},"modified":"2021-04-26T18:51:49","modified_gmt":"2021-04-26T16:51:49","slug":"juan-luis-cebrian-ciudadanos-entre-la-necesidad-y-el-miedo","status":"publish","type":"post","link":"https:\/\/grupobcc.com\/mx\/novedades-mx\/juan-luis-cebrian-ciudadanos-entre-la-necesidad-y-el-miedo\/","title":{"rendered":"Juan Luis Cebri\u00e1n: Ciudadanos que viven entre la necesidad y el miedo"},"content":{"rendered":"<p class=\"lead\"><img loading=\"lazy\" class=\"alignnone wp-image-18289 \" src=\"https:\/\/grupobcc.com\/wp\/wp-content\/uploads\/2020\/04\/Juan-Lu\u00eds-Cebri\u00e1n-conferencias-speaker-pol\u00edtica-elpa\u00eds-1-e1587122176400.jpg\" alt=\"Juan Lu\u00eds Cebri\u00e1n conferencias, speaker, pol\u00edtica, elpa\u00eds\" width=\"940\" height=\"660\" srcset=\"https:\/\/grupobcc.com\/wp\/wp-content\/uploads\/2020\/04\/Juan-Lu\u00eds-Cebri\u00e1n-conferencias-speaker-pol\u00edtica-elpa\u00eds-1-e1587122176400.jpg 940w, https:\/\/grupobcc.com\/wp\/wp-content\/uploads\/2020\/04\/Juan-Lu\u00eds-Cebri\u00e1n-conferencias-speaker-pol\u00edtica-elpa\u00eds-1-e1587122176400-300x211.jpg 300w, https:\/\/grupobcc.com\/wp\/wp-content\/uploads\/2020\/04\/Juan-Lu\u00eds-Cebri\u00e1n-conferencias-speaker-pol\u00edtica-elpa\u00eds-1-e1587122176400-768x539.jpg 768w, https:\/\/grupobcc.com\/wp\/wp-content\/uploads\/2020\/04\/Juan-Lu\u00eds-Cebri\u00e1n-conferencias-speaker-pol\u00edtica-elpa\u00eds-1-e1587122176400-541x380.jpg 541w\" sizes=\"(max-width: 940px) 100vw, 940px\" \/><\/p>\n<p>&nbsp;<\/p>\n<h4>Compartimos un fragmento del nuevo art\u00edculo publicado en El Pa\u00eds en el que <strong><span style=\"color: #ff6600;\">Juan Luis Cebri\u00e1n<\/span><\/strong>, periodista, empresario y conferenciante, expone su visi\u00f3n sobre el contexto actual de Am\u00e9rica Latina y el desarrollo de nuevas pol\u00edticas necesarias:<\/h4>\n<h4><\/h4>\n<h4>&#8220;(&#8230;) Necesidad y miedo definen bastante bien el ambiente que se respira en gran parte del mundo y singularmente en los pa\u00edses iberoamericanos del otro lado del Atl\u00e1ntico. Es f\u00e1cil distinguir las se\u00f1ales que lo identifican: fracaso general en el control de la pandemia, confusi\u00f3n y desorden en las campa\u00f1as de vacunaci\u00f3n, fatiga de las poblaciones, tendencias autoritarias del poder, insolidaridad entre los pa\u00edses, retorno al culto centralista del Estado, polarizaci\u00f3n pol\u00edtica, corrupci\u00f3n e ineficacia de los poderes p\u00fablicos, etc\u00e9tera, etc\u00e9tera. Pero en Am\u00e9rica Latina, aparte de producirse con m\u00e1s virulencia, coinciden con una serie de eventos electorales y un entorno econ\u00f3mico previo muy preocupante.<\/h4>\n<h4><\/h4>\n<h4>Los avances registrados al comienzo de la centuria, debido sobre todo al aumento de precios en las materias primas, permitieron una consolidaci\u00f3n de los procesos democr\u00e1ticos fundada en la extensi\u00f3n de las clases medias y una titubeante mejora en la lucha contra la desigualdad. Los efectos de la crisis financiera de 2008 se dejaron sentir con menos virulencia que en otras latitudes, aunque a partir de 2014 el crecimiento se ralentiz\u00f3. Ahora, un reciente informe de la CEPAL\u00a0pone sobre aviso sobre el mayor de los dramas de las sociedades emergentes: el aumento casi imparable de la desigualdad. Hay en la regi\u00f3n 78 millones de personas en situaci\u00f3n de pobreza extrema, la mitad de la poblaci\u00f3n empleada no est\u00e1 cubierta por ning\u00fan sistema de pensiones o seguridad social, y el d\u00e9ficit educativo amenaza las posibilidades de futuro de las generaciones j\u00f3venes. (&#8230;)&#8221;<\/h4>\n<h4><\/h4>\n<h4>Puedes leer el art\u00edculo completo en este enlace: <a href=\"https:\/\/elpais.com\/opinion\/2021-04-19\/entre-el-miedo-y-la-necesidad.html\">https:\/\/elpais.com\/opinion\/2021-04-19\/entre-el-miedo-y-la-necesidad.html\u00a0<\/a><\/h4>\n","protected":false},"excerpt":{"rendered":"<p>&nbsp; Compartimos un fragmento del nuevo art\u00edculo publicado en El Pa\u00eds en el que Juan Luis Cebri\u00e1n, periodista, empresario y conferenciante, expone su visi\u00f3n sobre el contexto actual de Am\u00e9rica Latina y el desarrollo de nuevas pol\u00edticas necesarias: &#8220;(&#8230;) Necesidad y miedo definen bastante bien el ambiente que se respira en gran parte del mundo&#8230;  <a href=\"https:\/\/grupobcc.com\/mx\/novedades-mx\/juan-luis-cebrian-ciudadanos-entre-la-necesidad-y-el-miedo\/\" class=\"more-link\" title=\"Read Juan Luis Cebri\u00e1n: Ciudadanos que viven entre la necesidad y el miedo\">Read more &raquo;<\/a><\/p>\n","protected":false},"author":12,"featured_media":18293,"comment_status":"open","ping_status":"closed","sticky":false,"template":"","format":"standard","meta":{"_mi_skip_tracking":false},"categories":[106],"tags":[],"yoast_head":"<!-- This site is optimized with the Yoast SEO plugin v16.6 - https:\/\/yoast.com\/wordpress\/plugins\/seo\/ -->\n<meta name=\"description\" content=\"Necesidad y miedo definen bastante bien el ambiente que se respira en gran parte del mundo y singularmente en los pa\u00edses iberoamericanos del otro lado del Atl\u00e1ntico.\" \/>\n<meta name=\"robots\" content=\"index, follow, max-snippet:-1, max-image-preview:large, max-video-preview:-1\" \/>\n<link rel=\"canonical\" href=\"https:\/\/grupobcc.com\/mx\/novedades-mx\/juan-luis-cebrian-ciudadanos-entre-la-necesidad-y-el-miedo\/\" \/>\n<meta property=\"og:locale\" content=\"es_MX\" \/>\n<meta property=\"og:type\" content=\"article\" \/>\n<meta property=\"og:title\" content=\"Juan Luis Cebri\u00e1n: Ciudadanos que viven entre la necesidad y el miedo\" \/>\n<meta property=\"og:description\" content=\"Necesidad y miedo definen bastante bien el ambiente que se respira en gran parte del mundo y singularmente en los pa\u00edses iberoamericanos del otro lado del Atl\u00e1ntico.\" \/>\n<meta property=\"og:url\" content=\"https:\/\/grupobcc.com\/mx\/novedades-mx\/juan-luis-cebrian-ciudadanos-entre-la-necesidad-y-el-miedo\/\" \/>\n<meta property=\"og:site_name\" content=\"BCC Speakers\" \/>\n<meta property=\"article:published_time\" content=\"2021-04-26T16:33:21+00:00\" \/>\n<meta property=\"article:modified_time\" content=\"2021-04-26T16:51:49+00:00\" \/>\n<meta property=\"og:image\" content=\"https:\/\/grupobcc.com\/wp\/wp-content\/uploads\/2020\/04\/Juan-Lu\u00eds-Cebri\u00e1n-conferencias-speaker-pol\u00edtica-elpa\u00eds-1.jpg\" \/>\n\t<meta property=\"og:image:width\" content=\"940\" \/>\n\t<meta property=\"og:image:height\" content=\"660\" \/>\n<meta name=\"twitter:card\" content=\"summary\" \/>\n<meta name=\"twitter:creator\" content=\"@BCCSpeakers\" \/>\n<meta name=\"twitter:site\" content=\"@BCCSpeakers\" \/>\n<meta name=\"twitter:label1\" content=\"Est. reading time\" \/>\n\t<meta name=\"twitter:data1\" content=\"2 minutes\" \/>\n<script type=\"application\/ld+json\" class=\"yoast-schema-graph\">{\"@context\":\"https:\/\/schema.org\",\"@graph\":[{\"@type\":\"WebSite\",\"@id\":\"https:\/\/grupobcc.com\/mx\/#website\",\"url\":\"https:\/\/grupobcc.com\/mx\/\",\"name\":\"BCC Speakers\",\"description\":\"The International Speakers Bureau\",\"potentialAction\":[{\"@type\":\"SearchAction\",\"target\":{\"@type\":\"EntryPoint\",\"urlTemplate\":\"https:\/\/grupobcc.com\/mx\/?s={search_term_string}\"},\"query-input\":\"required name=search_term_string\"}],\"inLanguage\":\"es-MX\"},{\"@type\":\"ImageObject\",\"@id\":\"https:\/\/grupobcc.com\/mx\/novedades-mx\/juan-luis-cebrian-ciudadanos-entre-la-necesidad-y-el-miedo\/#primaryimage\",\"inLanguage\":\"es-MX\",\"url\":\"https:\/\/grupobcc.com\/wp\/wp-content\/uploads\/2020\/04\/Juan-Lu\\u00eds-Cebri\\u00e1n-conferencias-speaker-pol\\u00edtica-elpa\\u00eds-1.jpg\",\"contentUrl\":\"https:\/\/grupobcc.com\/wp\/wp-content\/uploads\/2020\/04\/Juan-Lu\\u00eds-Cebri\\u00e1n-conferencias-speaker-pol\\u00edtica-elpa\\u00eds-1.jpg\",\"width\":940,\"height\":660,\"caption\":\"Juan Lu\\u00eds Cebri\\u00e1n conferencias, speaker, pol\\u00edtica, elpa\\u00eds\"},{\"@type\":\"WebPage\",\"@id\":\"https:\/\/grupobcc.com\/mx\/novedades-mx\/juan-luis-cebrian-ciudadanos-entre-la-necesidad-y-el-miedo\/#webpage\",\"url\":\"https:\/\/grupobcc.com\/mx\/novedades-mx\/juan-luis-cebrian-ciudadanos-entre-la-necesidad-y-el-miedo\/\",\"name\":\"Juan Luis Cebri\\u00e1n: Ciudadanos que viven entre la necesidad y el miedo\",\"isPartOf\":{\"@id\":\"https:\/\/grupobcc.com\/mx\/#website\"},\"primaryImageOfPage\":{\"@id\":\"https:\/\/grupobcc.com\/mx\/novedades-mx\/juan-luis-cebrian-ciudadanos-entre-la-necesidad-y-el-miedo\/#primaryimage\"},\"datePublished\":\"2021-04-26T16:33:21+00:00\",\"dateModified\":\"2021-04-26T16:51:49+00:00\",\"author\":{\"@id\":\"https:\/\/grupobcc.com\/mx\/#\/schema\/person\/db745cb18f6eca108cd3b0c07d9ce915\"},\"description\":\"Necesidad y miedo definen bastante bien el ambiente que se respira en gran parte del mundo y singularmente en los pa\\u00edses iberoamericanos del otro lado del Atl\\u00e1ntico.\",\"breadcrumb\":{\"@id\":\"https:\/\/grupobcc.com\/mx\/novedades-mx\/juan-luis-cebrian-ciudadanos-entre-la-necesidad-y-el-miedo\/#breadcrumb\"},\"inLanguage\":\"es-MX\",\"potentialAction\":[{\"@type\":\"ReadAction\",\"target\":[\"https:\/\/grupobcc.com\/mx\/novedades-mx\/juan-luis-cebrian-ciudadanos-entre-la-necesidad-y-el-miedo\/\"]}]},{\"@type\":\"BreadcrumbList\",\"@id\":\"https:\/\/grupobcc.com\/mx\/novedades-mx\/juan-luis-cebrian-ciudadanos-entre-la-necesidad-y-el-miedo\/#breadcrumb\",\"itemListElement\":[{\"@type\":\"ListItem\",\"position\":1,\"name\":\"Portada\",\"item\":\"https:\/\/grupobcc.com\/mx\/\"},{\"@type\":\"ListItem\",\"position\":2,\"name\":\"Juan Luis Cebri\\u00e1n: Ciudadanos que viven entre la necesidad y el miedo\"}]},{\"@type\":\"Person\",\"@id\":\"https:\/\/grupobcc.com\/mx\/#\/schema\/person\/db745cb18f6eca108cd3b0c07d9ce915\",\"name\":\"Laura\",\"image\":{\"@type\":\"ImageObject\",\"@id\":\"https:\/\/grupobcc.com\/mx\/#personlogo\",\"inLanguage\":\"es-MX\",\"url\":\"https:\/\/secure.gravatar.com\/avatar\/a6d31b10824aca1fac2be3d9ca83fb29?s=96&d=mm&r=g\",\"contentUrl\":\"https:\/\/secure.gravatar.com\/avatar\/a6d31b10824aca1fac2be3d9ca83fb29?s=96&d=mm&r=g\",\"caption\":\"Laura\"},\"url\":\"https:\/\/grupobcc.com\/mx\/author\/laura\/\"}]}<\/script>\n<!-- \/ Yoast SEO plugin. -->","_links":{"self":[{"href":"https:\/\/grupobcc.com\/mx\/wp-json\/wp\/v2\/posts\/26134"}],"collection":[{"href":"https:\/\/grupobcc.com\/mx\/wp-json\/wp\/v2\/posts"}],"about":[{"href":"https:\/\/grupobcc.com\/mx\/wp-json\/wp\/v2\/types\/post"}],"author":[{"embeddable":true,"href":"https:\/\/grupobcc.com\/mx\/wp-json\/wp\/v2\/users\/12"}],"replies":[{"embeddable":true,"href":"https:\/\/grupobcc.com\/mx\/wp-json\/wp\/v2\/comments?post=26134"}],"version-history":[{"count":1,"href":"https:\/\/grupobcc.com\/mx\/wp-json\/wp\/v2\/posts\/26134\/revisions"}],"predecessor-version":[{"id":26136,"href":"https:\/\/grupobcc.com\/mx\/wp-json\/wp\/v2\/posts\/26134\/revisions\/26136"}],"wp:featuredmedia":[{"embeddable":true,"href":"https:\/\/grupobcc.com\/mx\/wp-json\/wp\/v2\/media\/18293"}],"wp:attachment":[{"href":"https:\/\/grupobcc.com\/mx\/wp-json\/wp\/v2\/media?parent=26134"}],"wp:term":[{"taxonomy":"category","embeddable":true,"href":"https:\/\/grupobcc.com\/mx\/wp-json\/wp\/v2\/categories?post=26134"},{"taxonomy":"post_tag","embeddable":true,"href":"https:\/\/grupobcc.com\/mx\/wp-json\/wp\/v2\/tags?post=26134"}],"curies":[{"name":"wp","href":"https:\/\/api.w.org\/{rel}","templated":true}]}}