{"id":26149,"date":"2021-04-27T11:55:06","date_gmt":"2021-04-27T09:55:06","guid":{"rendered":"https:\/\/grupobcc.com\/novedades-mx\/rahaf-harfoush-creatividad-vs-productividad\/"},"modified":"2021-04-27T12:04:06","modified_gmt":"2021-04-27T10:04:06","slug":"rahaf-harfoush-creatividad-vs-productividad","status":"publish","type":"post","link":"https:\/\/grupobcc.com\/mx\/novedades-mx\/rahaf-harfoush-creatividad-vs-productividad\/","title":{"rendered":"Rahaf Harfoush: Creatividad Vs Productividad"},"content":{"rendered":"<h4><img loading=\"lazy\" class=\"alignnone wp-image-26142 size-full\" src=\"https:\/\/grupobcc.com\/wp\/wp-content\/uploads\/2021\/04\/Rahaf-Harfoush-speaker-digital-culture-bestselling-author-e1616435494680.jpg\" alt=\"\" width=\"940\" height=\"660\" srcset=\"https:\/\/grupobcc.com\/wp\/wp-content\/uploads\/2021\/04\/Rahaf-Harfoush-speaker-digital-culture-bestselling-author-e1616435494680.jpg 940w, https:\/\/grupobcc.com\/wp\/wp-content\/uploads\/2021\/04\/Rahaf-Harfoush-speaker-digital-culture-bestselling-author-e1616435494680-300x211.jpg 300w, https:\/\/grupobcc.com\/wp\/wp-content\/uploads\/2021\/04\/Rahaf-Harfoush-speaker-digital-culture-bestselling-author-e1616435494680-768x539.jpg 768w, https:\/\/grupobcc.com\/wp\/wp-content\/uploads\/2021\/04\/Rahaf-Harfoush-speaker-digital-culture-bestselling-author-e1616435494680-541x380.jpg 541w\" sizes=\"(max-width: 940px) 100vw, 940px\" \/><\/h4>\n<h4><\/h4>\n<h4><\/h4>\n<h4><a href=\"https:\/\/grupobcc.com\/mx\/speakers\/rahaf-harfoush\/\"><span style=\"color: #ff6600;\"><b>Rahaf Harfoush\u00a0<\/b><\/span><\/a>es estratega, antrop\u00f3loga digital y autora de bestsellers centrados en las intersecciones de la tecnolog\u00eda emergente, la innovaci\u00f3n y la cultura digital. Su investigaci\u00f3n se centra en los impactos humanos de la inteligencia artificial, los algoritmos, las redes sociales y el big data.<\/h4>\n<h4><\/h4>\n<h4>A continuaci\u00f3n compartimos un fragmento del nuevo art\u00edculo publicado en El Espa\u00f1ol, en el que nuestra speaker comparte su visi\u00f3n sobre c\u00f3mo las organizaciones gestionan el equilibrio entre la productividad y la creatividad de sus empleados.<\/h4>\n<h4><\/h4>\n<h4>&#8220;(&#8230;) Hemos asumido que la creatividad es, y ser\u00e1 a\u00fan m\u00e1s en el futuro, una de las claves, pero \u00bfcu\u00e1les son algunos de los principales problemas que se encuentran las organizaciones a la hora de poner la creatividad en el n\u00facleo de sus negocios?<\/h4>\n<p class=\"lead\">&nbsp;<\/p>\n<h4 id=\"paragraph_5\">El choque con la productividad: En su fant\u00e1stico libro\u00a0<em>Hustle &amp; Float. Reclaim your Creativity and Thrive in a World obsessed with work<\/em>,<strong>\u00a0Rahaf Harfoush<\/strong>\u00a0indica con acierto que hemos terminado crey\u00e9ndonos que podemos ser\u00a0muy productivos y muy creativos a la vez.<\/h4>\n<p>&nbsp;<\/p>\n<h4 id=\"paragraph_6\">Esto a menudo nos lleva a buscar la misma eficiencia en la generaci\u00f3n de soluciones creativas que la que ponemos en completar nuestras tareas, lo cual termina haciendo que nuestra aportaci\u00f3n creativa se mida\u00a0m\u00e1s en t\u00e9rminos de n\u00famero de ideas producidas que en los de calidad e impacto de las mismas.<\/h4>\n<p>&nbsp;<\/p>\n<h4 id=\"paragraph_7\" data-gtm-vis-recent-on-screen-1664348_109=\"80216\" data-gtm-vis-first-on-screen-1664348_109=\"80217\" data-gtm-vis-total-visible-time-1664348_109=\"100\" data-gtm-vis-has-fired-1664348_109=\"1\">La falta de tiempo es, en mi experiencia, lo primero que traer\u00e1 a colaci\u00f3n un empleado cuando se le hable de creatividad. Hasta que en las compa\u00f1\u00edas no entendamos que\u00a0<strong>una visita a un museo o una charla con un astronauta pueden ser m\u00e1s productivas<\/strong> que ocho horas delante de un ordenador, esta tensi\u00f3n entre creatividad y productividad no terminar\u00e1 de resolverse.\u00a0 (&#8230;)&#8221;<\/h4>\n<h4 data-gtm-vis-recent-on-screen-1664348_109=\"80216\" data-gtm-vis-first-on-screen-1664348_109=\"80217\" data-gtm-vis-total-visible-time-1664348_109=\"100\" data-gtm-vis-has-fired-1664348_109=\"1\"><\/h4>\n<h4 data-gtm-vis-recent-on-screen-1664348_109=\"80216\" data-gtm-vis-first-on-screen-1664348_109=\"80217\" data-gtm-vis-total-visible-time-1664348_109=\"100\" data-gtm-vis-has-fired-1664348_109=\"1\">Te invitamos a leer el art\u00edculo completo en este enlace: <a href=\"https:\/\/www.elespanol.com\/invertia\/opinion\/20201214\/creatividad-inteligencia-artificial\/542315769_12.html\">https:\/\/www.elespanol.com\/invertia\/opinion\/20201214\/creatividad-inteligencia-artificial\/542315769_12.html<\/a><\/h4>\n","protected":false},"excerpt":{"rendered":"<p>Rahaf Harfoush\u00a0es estratega, antrop\u00f3loga digital y autora de bestsellers centrados en las intersecciones de la tecnolog\u00eda emergente, la innovaci\u00f3n y la cultura digital. Su investigaci\u00f3n se centra en los impactos humanos de la inteligencia artificial, los algoritmos, las redes sociales y el big data. A continuaci\u00f3n compartimos un fragmento del nuevo art\u00edculo publicado en El&#8230;  <a href=\"https:\/\/grupobcc.com\/mx\/novedades-mx\/rahaf-harfoush-creatividad-vs-productividad\/\" class=\"more-link\" title=\"Read Rahaf Harfoush: Creatividad Vs Productividad\">Read more &raquo;<\/a><\/p>\n","protected":false},"author":12,"featured_media":26146,"comment_status":"open","ping_status":"closed","sticky":false,"template":"","format":"standard","meta":{"_mi_skip_tracking":false},"categories":[106],"tags":[],"yoast_head":"<!-- This site is optimized with the Yoast SEO plugin v16.6 - https:\/\/yoast.com\/wordpress\/plugins\/seo\/ -->\n<meta name=\"description\" content=\"La falta de tiempo es, en mi experiencia, lo primero que traer\u00e1 a colaci\u00f3n un empleado cuando se le hable de creatividad.\" \/>\n<meta name=\"robots\" content=\"index, follow, max-snippet:-1, max-image-preview:large, max-video-preview:-1\" \/>\n<link rel=\"canonical\" href=\"https:\/\/grupobcc.com\/mx\/novedades-mx\/rahaf-harfoush-creatividad-vs-productividad\/\" \/>\n<meta property=\"og:locale\" content=\"es_MX\" \/>\n<meta property=\"og:type\" content=\"article\" \/>\n<meta property=\"og:title\" content=\"Rahaf Harfoush: Creatividad Vs Productividad\" \/>\n<meta property=\"og:description\" content=\"La falta de tiempo es, en mi experiencia, lo primero que traer\u00e1 a colaci\u00f3n un empleado cuando se le hable de creatividad.\" \/>\n<meta property=\"og:url\" content=\"https:\/\/grupobcc.com\/mx\/novedades-mx\/rahaf-harfoush-creatividad-vs-productividad\/\" \/>\n<meta property=\"og:site_name\" content=\"BCC Speakers\" \/>\n<meta property=\"article:published_time\" content=\"2021-04-27T09:55:06+00:00\" \/>\n<meta property=\"article:modified_time\" content=\"2021-04-27T10:04:06+00:00\" \/>\n<meta property=\"og:image\" content=\"https:\/\/grupobcc.com\/wp\/wp-content\/uploads\/2021\/04\/Rahaf-Harfoush-speaker-digital-culture-bestselling-author-e1616435494680.jpg\" \/>\n\t<meta property=\"og:image:width\" content=\"940\" \/>\n\t<meta property=\"og:image:height\" content=\"660\" \/>\n<meta name=\"twitter:card\" content=\"summary\" \/>\n<meta name=\"twitter:creator\" content=\"@BCCSpeakers\" \/>\n<meta name=\"twitter:site\" content=\"@BCCSpeakers\" \/>\n<meta name=\"twitter:label1\" content=\"Est. reading time\" \/>\n\t<meta name=\"twitter:data1\" content=\"2 minutes\" \/>\n<script type=\"application\/ld+json\" class=\"yoast-schema-graph\">{\"@context\":\"https:\/\/schema.org\",\"@graph\":[{\"@type\":\"WebSite\",\"@id\":\"https:\/\/grupobcc.com\/mx\/#website\",\"url\":\"https:\/\/grupobcc.com\/mx\/\",\"name\":\"BCC Speakers\",\"description\":\"The International Speakers Bureau\",\"potentialAction\":[{\"@type\":\"SearchAction\",\"target\":{\"@type\":\"EntryPoint\",\"urlTemplate\":\"https:\/\/grupobcc.com\/mx\/?s={search_term_string}\"},\"query-input\":\"required name=search_term_string\"}],\"inLanguage\":\"es-MX\"},{\"@type\":\"ImageObject\",\"@id\":\"https:\/\/grupobcc.com\/mx\/novedades-mx\/rahaf-harfoush-creatividad-vs-productividad\/#primaryimage\",\"inLanguage\":\"es-MX\",\"url\":\"https:\/\/grupobcc.com\/wp\/wp-content\/uploads\/2021\/04\/Rahaf-Harfoush-speaker-digital-culture-bestselling-author-e1616435494680.jpg\",\"contentUrl\":\"https:\/\/grupobcc.com\/wp\/wp-content\/uploads\/2021\/04\/Rahaf-Harfoush-speaker-digital-culture-bestselling-author-e1616435494680.jpg\",\"width\":940,\"height\":660},{\"@type\":\"WebPage\",\"@id\":\"https:\/\/grupobcc.com\/mx\/novedades-mx\/rahaf-harfoush-creatividad-vs-productividad\/#webpage\",\"url\":\"https:\/\/grupobcc.com\/mx\/novedades-mx\/rahaf-harfoush-creatividad-vs-productividad\/\",\"name\":\"Rahaf Harfoush: Creatividad Vs Productividad\",\"isPartOf\":{\"@id\":\"https:\/\/grupobcc.com\/mx\/#website\"},\"primaryImageOfPage\":{\"@id\":\"https:\/\/grupobcc.com\/mx\/novedades-mx\/rahaf-harfoush-creatividad-vs-productividad\/#primaryimage\"},\"datePublished\":\"2021-04-27T09:55:06+00:00\",\"dateModified\":\"2021-04-27T10:04:06+00:00\",\"author\":{\"@id\":\"https:\/\/grupobcc.com\/mx\/#\/schema\/person\/db745cb18f6eca108cd3b0c07d9ce915\"},\"description\":\"La falta de tiempo es, en mi experiencia, lo primero que traer\\u00e1 a colaci\\u00f3n un empleado cuando se le hable de creatividad.\",\"breadcrumb\":{\"@id\":\"https:\/\/grupobcc.com\/mx\/novedades-mx\/rahaf-harfoush-creatividad-vs-productividad\/#breadcrumb\"},\"inLanguage\":\"es-MX\",\"potentialAction\":[{\"@type\":\"ReadAction\",\"target\":[\"https:\/\/grupobcc.com\/mx\/novedades-mx\/rahaf-harfoush-creatividad-vs-productividad\/\"]}]},{\"@type\":\"BreadcrumbList\",\"@id\":\"https:\/\/grupobcc.com\/mx\/novedades-mx\/rahaf-harfoush-creatividad-vs-productividad\/#breadcrumb\",\"itemListElement\":[{\"@type\":\"ListItem\",\"position\":1,\"name\":\"Portada\",\"item\":\"https:\/\/grupobcc.com\/mx\/\"},{\"@type\":\"ListItem\",\"position\":2,\"name\":\"Rahaf Harfoush: Creatividad Vs Productividad\"}]},{\"@type\":\"Person\",\"@id\":\"https:\/\/grupobcc.com\/mx\/#\/schema\/person\/db745cb18f6eca108cd3b0c07d9ce915\",\"name\":\"Laura\",\"image\":{\"@type\":\"ImageObject\",\"@id\":\"https:\/\/grupobcc.com\/mx\/#personlogo\",\"inLanguage\":\"es-MX\",\"url\":\"https:\/\/secure.gravatar.com\/avatar\/a6d31b10824aca1fac2be3d9ca83fb29?s=96&d=mm&r=g\",\"contentUrl\":\"https:\/\/secure.gravatar.com\/avatar\/a6d31b10824aca1fac2be3d9ca83fb29?s=96&d=mm&r=g\",\"caption\":\"Laura\"},\"url\":\"https:\/\/grupobcc.com\/mx\/author\/laura\/\"}]}<\/script>\n<!-- \/ Yoast SEO plugin. -->","_links":{"self":[{"href":"https:\/\/grupobcc.com\/mx\/wp-json\/wp\/v2\/posts\/26149"}],"collection":[{"href":"https:\/\/grupobcc.com\/mx\/wp-json\/wp\/v2\/posts"}],"about":[{"href":"https:\/\/grupobcc.com\/mx\/wp-json\/wp\/v2\/types\/post"}],"author":[{"embeddable":true,"href":"https:\/\/grupobcc.com\/mx\/wp-json\/wp\/v2\/users\/12"}],"replies":[{"embeddable":true,"href":"https:\/\/grupobcc.com\/mx\/wp-json\/wp\/v2\/comments?post=26149"}],"version-history":[{"count":1,"href":"https:\/\/grupobcc.com\/mx\/wp-json\/wp\/v2\/posts\/26149\/revisions"}],"predecessor-version":[{"id":26152,"href":"https:\/\/grupobcc.com\/mx\/wp-json\/wp\/v2\/posts\/26149\/revisions\/26152"}],"wp:featuredmedia":[{"embeddable":true,"href":"https:\/\/grupobcc.com\/mx\/wp-json\/wp\/v2\/media\/26146"}],"wp:attachment":[{"href":"https:\/\/grupobcc.com\/mx\/wp-json\/wp\/v2\/media?parent=26149"}],"wp:term":[{"taxonomy":"category","embeddable":true,"href":"https:\/\/grupobcc.com\/mx\/wp-json\/wp\/v2\/categories?post=26149"},{"taxonomy":"post_tag","embeddable":true,"href":"https:\/\/grupobcc.com\/mx\/wp-json\/wp\/v2\/tags?post=26149"}],"curies":[{"name":"wp","href":"https:\/\/api.w.org\/{rel}","templated":true}]}}